{"id":93698,"date":"2026-08-12T06:37:26","date_gmt":"2026-08-12T06:37:26","guid":{"rendered":"https:\/\/kempower.com\/news\/kempower-vuelve-a-patrocinar-la-arctic-race-of-norway-continua-la-colaboracion-en-la-carrera-ciclista-mas-septentrional-del-mundo\/"},"modified":"2026-08-21T08:00:05","modified_gmt":"2026-08-21T08:00:05","slug":"kempower-vuelve-a-patrocinar-la-arctic-race-of-norway-continua-la-colaboracion-en-la-carrera-ciclista-mas-septentrional-del-mundo","status":"publish","type":"news","link":"https:\/\/kempower.com\/es\/news\/kempower-vuelve-a-patrocinar-la-arctic-race-of-norway-continua-la-colaboracion-en-la-carrera-ciclista-mas-septentrional-del-mundo\/","title":{"rendered":"Kempower vuelve a patrocinar la Arctic Race of Norway: contin\u00faa la colaboraci\u00f3n en la carrera ciclista m\u00e1s septentrional del mundo"},"content":{"rendered":"\n<section  class=\"hero-2023 hero-2023--short hero-2023--align-left bg-white\">\n\n  <!--div class=\"hero-2023__container\"-->\n  \n  <div class=\"hero-2023__container\">\n\n    <figure class=\"hero-2023__banner\">\n\n      <img fetchpriority=\"high\" decoding=\"async\" width=\"1200\" height=\"800\" src=\"https:\/\/earj6jxwkhd.exactdn.com\/wp-content\/uploads\/2026\/08\/dsc01773-1.png?strip=all\" class=\"hero-2023__banner__image\" alt=\"\" style=\"object-position: 50% 50%;\" srcset=\"https:\/\/earj6jxwkhd.exactdn.com\/wp-content\/uploads\/2026\/08\/dsc01773-1.png?strip=all 1200w, https:\/\/earj6jxwkhd.exactdn.com\/wp-content\/uploads\/2026\/08\/dsc01773-1-300x200.png?strip=all 300w, https:\/\/earj6jxwkhd.exactdn.com\/wp-content\/uploads\/2026\/08\/dsc01773-1-1024x683.png?strip=all 1024w, https:\/\/earj6jxwkhd.exactdn.com\/wp-content\/uploads\/2026\/08\/dsc01773-1-768x512.png?strip=all 768w, https:\/\/earj6jxwkhd.exactdn.com\/wp-content\/uploads\/2026\/08\/dsc01773-1-400x267.png?strip=all 400w, https:\/\/earj6jxwkhd.exactdn.com\/wp-content\/uploads\/2026\/08\/dsc01773-1.png?strip=all&amp;w=120 120w, https:\/\/earj6jxwkhd.exactdn.com\/wp-content\/uploads\/2026\/08\/dsc01773-1.png?strip=all&amp;w=240 240w, https:\/\/earj6jxwkhd.exactdn.com\/wp-content\/uploads\/2026\/08\/dsc01773-1.png?strip=all&amp;w=480 480w, https:\/\/earj6jxwkhd.exactdn.com\/wp-content\/uploads\/2026\/08\/dsc01773-1.png?strip=all&amp;w=600 600w, https:\/\/earj6jxwkhd.exactdn.com\/wp-content\/uploads\/2026\/08\/dsc01773-1.png?strip=all&amp;w=840 840w, https:\/\/earj6jxwkhd.exactdn.com\/wp-content\/uploads\/2026\/08\/dsc01773-1.png?strip=all&amp;w=960 960w, https:\/\/earj6jxwkhd.exactdn.com\/wp-content\/uploads\/2026\/08\/dsc01773-1.png?strip=all&amp;w=1080 1080w\" sizes=\"(max-width: 575px) 100vw, (max-width: 767px) 510px, (max-width: 991px) 290px, (max-width: 1199px) 530px, 1200px\" \/>\n    <\/figure>\n\n    <div class=\"hero-2023__content\">\n\n              <a class=\"button button-arrow-left\" href=\"https:\/\/kempower.com\/es\/news\/\">\n          Volver a noticias        <\/a>\n\n        <span class=\"hero-2023__post-meta\">2026-08-12 \u2022 4 min. de lectura<\/span>\n      \n\n<h1 class=\"wp-block-heading\" id=\"h-kempower-powers-the-arctic-race-of-norway-once-again-partnership-continues-in-the-world-s-northernmost-cycling-race\"><strong>Kempower vuelve a patrocinar la Arctic Race of Norway: contin\u00faa la colaboraci\u00f3n en la carrera ciclista m\u00e1s septentrional del mundo<\/strong><\/h1>\n\n\n\n    <\/div>\n  <\/div>\n<\/section>\n\n<section class=\"block block-content-wrapper container-fluid bg-white ancho\"\n    >\n    <div class=\"container\">\n        <div class=\"row\">\n            <div class=\"\">\n                <main class=\"entry-content mx-auto\">\n                    \n\n<h2 class=\"wp-block-heading\" id=\"h-\"><\/h2>\n\n\n\n<p class=\"wp-block-paragraph\"><\/p>\n\n\n\n<p class=\"wp-block-paragraph\">Fabricante finland\u00e9s de soluciones de recarga r\u00e1pida de corriente continua  <a href=\"https:\/\/kempower.com\/es\/\">Kempower<\/a>  sigue siendo el socio oficial de recarga de la  <a href=\"https:\/\/www.arctic-race-of-norway.com\/en\">Arctic Race of Norway<\/a>, ya que la carrera ciclista se celebrar\u00e1 en el norte de Noruega del 13 al 16 de agosto de 2026. La 13.\u00aa edici\u00f3n de la Arctic Race of Norway de este a\u00f1o se celebra \u00edntegramente por encima del C\u00edrculo Polar \u00c1rtico, en un recorrido que recorre varias islas a trav\u00e9s de la regi\u00f3n de Nordland, el distrito de Ofoten y las islas principales del archipi\u00e9lago de Vester\u00e5len. Toda la flota de veh\u00edculos de servicio y de la caravana de la carrera es totalmente el\u00e9ctrica, con 130 veh\u00edculos el\u00e9ctricos proporcionados por Hyundai que se recargar\u00e1n a lo largo de todo el evento de este a\u00f1o. La carrera est\u00e1 organizada por Arctic Sport y  <a href=\"https:\/\/www.aso.fr\/en\/\">Amaury Sport Organisation (ASO)<\/a>, tambi\u00e9n conocido por ser el organizador, entre otras cosas, del Tour de Francia.<\/p>\n\n\n\n<p class=\"wp-block-paragraph\">La Arctic Race of Norway 2026 consta de cuatro etapas con una longitud total de aproximadamente 694 kil\u00f3metros y cuenta con la participaci\u00f3n de 18 equipos, entre ellos 6 equipos mundiales, formados por algunos de los mejores ciclistas del mundo. No se espera que el ganador de la general se decida hasta los \u00faltimos d\u00edas de la carrera: en la tercera etapa, la subida a la cima de Storheia se ha ganado el sobrenombre de \u00abel Mont Ventoux noruego\u00bb, mientras que la subida decisiva de la etapa final termina en la estaci\u00f3n de esqu\u00ed de Narvik. Si a ello se suman las condiciones meteorol\u00f3gicas cambiantes del verano \u00e1rtico y el recorrido por las islas, que var\u00eda constantemente, la carrera resulta excepcionalmente exigente tanto para los deportistas como para todo el equipo de apoyo.<\/p>\n\n\n\n<p class=\"wp-block-paragraph\">Este a\u00f1o, la Arctic Race of Norway tambi\u00e9n est\u00e1 dando un gran salto tecnol\u00f3gico en cuanto a su retransmisi\u00f3n a nivel mundial. Por primera vez, la producci\u00f3n televisiva se basar\u00e1 principalmente en redes m\u00f3viles, utilizando tecnolog\u00eda 4G y 5G. En 2025, la carrera se retransmiti\u00f3 en 190 pa\u00edses a trav\u00e9s de 80 cadenas de televisi\u00f3n.<\/p>\n\n\n\n<p class=\"wp-block-paragraph\">Kempower lleva varios a\u00f1os proporcionando la infraestructura de recarga de la carrera, y la colaboraci\u00f3n se ha ido consolidando a\u00f1o tras a\u00f1o: en 2023, la carrera se convirti\u00f3 en la primera prueba ciclista de la serie UCI en pasar a contar con una flota totalmente el\u00e9ctrica. Los cargadores m\u00f3viles de Kempower y su equipo de recarga siguen a la caravana de la carrera de etapa en etapa, manteniendo cargados continuamente m\u00e1s de un centenar de veh\u00edculos el\u00e9ctricos, incluso en zonas donde a\u00fan no se dispone de infraestructura permanente de recarga de corriente continua. La instalaci\u00f3n de los puntos de recarga se planifica y lleva a cabo en estrecha colaboraci\u00f3n con los operadores de la red el\u00e9ctrica locales y los organizadores de la carrera con amplia antelaci\u00f3n al evento.<\/p>\n\n\n\n<p class=\"wp-block-paragraph\">\u00abLa Arctic Race of Norway es una prueba que pone a prueba la eficacia del trabajo en equipo y la tecnolog\u00eda de Kempower en condiciones cambiantes, ya que el equipo de recarga viaja con la caravana y los veh\u00edculos se recargan las 24 horas del d\u00eda en todo tipo de entornos. El norte de Noruega exige a nuestro equipo capacidad para tomar decisiones r\u00e1pidas, perseverancia y habilidades para resolver problemas y, al mismo tiempo, supone una valiosa experiencia de aprendizaje para los empleados de Kempower\u00bb, afirma <strong>Paula Savonen<\/strong>, vicepresidenta de Marketing y Comunicaciones de Kempower.<\/p>\n\n\n\n<p class=\"wp-block-paragraph\"><strong>Im\u00e1genes y un v\u00eddeo <\/strong><a href=\"https:\/\/mediabank.kempower.com\/l\/6vvH-FcCQX72\"><strong>disponibles para<\/strong><strong><u> descargar aqu\u00ed<\/u><\/strong><\/a><\/p>\n\n\n\n<p class=\"wp-block-paragraph\"><a href=\"https:\/\/www.arctic-race-of-norway.com\/en\"><strong><u> P\u00e1gina web oficial <\/u> de la Arctic Race of Norway 2026<u> <\/u><\/strong><\/a><strong><br\/><\/strong><\/p>\n\n\n\n<p class=\"wp-block-paragraph\"><strong>Kempower, relaciones con los medios de comunicaci\u00f3n<\/strong>:<br\/>Paula Savonen, vicepresidenta de Marketing y Comunicaciones de Kempower: <br\/><a href=\"mailto:paula.savonen@kempower.com\">paula.savonen@kempower.com<\/a> <br\/>Tel. +358 29 0021900<\/p>\n\n\n\n<p class=\"wp-block-paragraph\"><strong>Acerca de Kempower<\/strong><br\/>Dise\u00f1amos y fabricamos soluciones de recarga r\u00e1pida de corriente continua (CC) para veh\u00edculos el\u00e9ctricos que son fiables y f\u00e1ciles de usar. Nuestra visi\u00f3n consiste en crear las soluciones de recarga para veh\u00edculos el\u00e9ctricos m\u00e1s deseadas del mundo, para todos y en cualquier lugar. El desarrollo y la producci\u00f3n de nuestros productos tienen su sede en Finlandia y en EE. UU., y la mayor parte de nuestros materiales y componentes proceden de fuentes locales. Nos centramos en todas las \u00e1reas de la movilidad el\u00e9ctrica, desde turismos, camiones y autobuses el\u00e9ctricos hasta maquinaria y embarcaciones. Nuestro sistema de recarga modular y escalable, junto con nuestro software de primer nivel, ha sido dise\u00f1ado por conductores de veh\u00edculos el\u00e9ctricos para conductores de veh\u00edculos el\u00e9ctricos, lo que permite ofrecer la mejor experiencia de usuario a nuestros clientes de todo el mundo. Las acciones de Kempower cotizan en Nasdaq Helsinki Ltd.  <a href=\"https:\/\/kempower.com\/es\/\">kempower.com<\/a> <\/p>\n\n\n  <div class=\"image-carousel\">\n    <div class=\"image-carousel-inner d-flex flex-column\">\n      <div class=\"image-carousel-slick d-flex flex-nowrap\" data-autoplay=\"\">\n                  <div class=\"carousel-slide\">\n            <img loading=\"lazy\" decoding=\"async\" src=\"https:\/\/earj6jxwkhd.exactdn.com\/wp-content\/uploads\/2026\/08\/dsc01773-1.png?strip=all&fit=1200%2C800\" width=\"1200\" height=\"800\" class=\"mx-auto\" alt=\"\" loading=\"lazy\">          <\/div>\n                    <div class=\"carousel-slide\">\n            <img loading=\"lazy\" decoding=\"async\" src=\"https:\/\/earj6jxwkhd.exactdn.com\/wp-content\/uploads\/2026\/08\/dsc00548-scaled-1.png?strip=all&fit=1200%2C800\" width=\"1200\" height=\"800\" class=\"mx-auto\" alt=\"\" loading=\"lazy\">          <\/div>\n                    <div class=\"carousel-slide\">\n            <img loading=\"lazy\" decoding=\"async\" src=\"https:\/\/earj6jxwkhd.exactdn.com\/wp-content\/uploads\/2026\/08\/dsc03189.png?strip=all&fit=1200%2C800\" width=\"1200\" height=\"800\" class=\"mx-auto\" alt=\"\" loading=\"lazy\">          <\/div>\n                    <div class=\"carousel-slide\">\n            <img loading=\"lazy\" decoding=\"async\" src=\"https:\/\/earj6jxwkhd.exactdn.com\/wp-content\/uploads\/2026\/08\/img_4740.png?strip=all&fit=600%2C800\" width=\"600\" height=\"800\" class=\"mx-auto\" alt=\"\" loading=\"lazy\">          <\/div>\n                    <div class=\"carousel-slide\">\n            <img loading=\"lazy\" decoding=\"async\" src=\"https:\/\/earj6jxwkhd.exactdn.com\/wp-content\/uploads\/2026\/08\/20230820_140718.png?strip=all&fit=1778%2C800\" width=\"1778\" height=\"800\" class=\"mx-auto\" alt=\"\" loading=\"lazy\">          <\/div>\n                <\/div>\n      <div class=\"image-carousel-controls d-flex flex-row flex-nowrap align-items-center justify-content-center\">\n        <button class=\"image-carousel-prev\">\n          Anterior        <\/button>\n        <div class=\"image-carousel-dots\"><\/div>\n        <button class=\"image-carousel-next\">\n          Siguiente        <\/button>\n      <\/div>\n\n    <\/div>\n  <\/div>\n  \n\n                <\/main>\n            <\/div>\n        <\/div>\n    <\/div>\n<\/section>","protected":false},"excerpt":{"rendered":"<p>Kempower seguir\u00e1 siendo el socio oficial de recarga de la carrera ciclista Arctic Race of Norway, que se celebrar\u00e1 en el norte de Noruega del 13 al 16 de agosto de 2026.  <\/p>\n","protected":false},"featured_media":93697,"template":"","tags":[565],"class_list":["post-93698","news","type-news","status-publish","has-post-thumbnail","hentry","tag-movable-charger-es"],"acf":[],"yoast_head":"<!-- This site is optimized with the Yoast SEO Premium plugin v28.3 (Yoast SEO v28.3) - https:\/\/yoast.com\/product\/yoast-seo-premium-wordpress\/ -->\n<title>Kempower vuelve a patrocinar la Arctic Race of Norway: contin\u00faa la colaboraci\u00f3n en la carrera ciclista m\u00e1s septentrional del mundo - Kempower<\/title>\n<meta name=\"description\" content=\"12 de agosto de 2026 - Kempower vuelve a patrocinar la Arctic Race of Norway: contin\u00faa la colaboraci\u00f3n en la carrera ciclista m\u00e1s septentrional del mundo\" \/>\n<meta name=\"robots\" content=\"index, follow, max-snippet:-1, max-image-preview:large, max-video-preview:-1\" \/>\n<link rel=\"canonical\" href=\"https:\/\/kempower.com\/es\/news\/kempower-vuelve-a-patrocinar-la-arctic-race-of-norway-continua-la-colaboracion-en-la-carrera-ciclista-mas-septentrional-del-mundo\/\" \/>\n<meta property=\"og:locale\" content=\"es_ES\" \/>\n<meta property=\"og:type\" content=\"article\" \/>\n<meta property=\"og:title\" content=\"Kempower vuelve a patrocinar la Arctic Race of Norway: contin\u00faa la colaboraci\u00f3n en la carrera ciclista m\u00e1s septentrional del mundo\" \/>\n<meta property=\"og:description\" content=\"12 de agosto de 2026 - Kempower vuelve a patrocinar la Arctic Race of Norway: contin\u00faa la colaboraci\u00f3n en la carrera ciclista m\u00e1s septentrional del mundo\" \/>\n<meta property=\"og:url\" content=\"https:\/\/kempower.com\/es\/news\/kempower-vuelve-a-patrocinar-la-arctic-race-of-norway-continua-la-colaboracion-en-la-carrera-ciclista-mas-septentrional-del-mundo\/\" \/>\n<meta property=\"og:site_name\" content=\"Kempower\" \/>\n<meta property=\"article:publisher\" content=\"https:\/\/www.facebook.com\/kempowerfi\/\" \/>\n<meta property=\"article:modified_time\" content=\"2026-08-21T08:00:05+00:00\" \/>\n<meta property=\"og:image\" content=\"https:\/\/kempower.com\/wp-content\/uploads\/2026\/08\/dsc01773-1.png\" \/>\n\t<meta property=\"og:image:width\" content=\"1200\" \/>\n\t<meta property=\"og:image:height\" content=\"800\" \/>\n\t<meta property=\"og:image:type\" content=\"image\/png\" \/>\n<meta name=\"twitter:card\" content=\"summary_large_image\" \/>\n<meta name=\"twitter:site\" content=\"@kempoweroyj\" \/>\n<meta name=\"twitter:label1\" content=\"Tiempo de lectura\" \/>\n\t<meta name=\"twitter:data1\" content=\"4 minutos\" \/>\n<script type=\"application\/ld+json\" class=\"yoast-schema-graph\">{\"@context\":\"https:\\\/\\\/schema.org\",\"@graph\":[{\"@type\":\"WebPage\",\"@id\":\"https:\\\/\\\/kempower.com\\\/es\\\/news\\\/kempower-vuelve-a-patrocinar-la-arctic-race-of-norway-continua-la-colaboracion-en-la-carrera-ciclista-mas-septentrional-del-mundo\\\/\",\"url\":\"https:\\\/\\\/kempower.com\\\/es\\\/news\\\/kempower-vuelve-a-patrocinar-la-arctic-race-of-norway-continua-la-colaboracion-en-la-carrera-ciclista-mas-septentrional-del-mundo\\\/\",\"name\":\"Kempower vuelve a patrocinar la Arctic Race of Norway: contin\u00faa la colaboraci\u00f3n en la carrera ciclista m\u00e1s septentrional del mundo - Kempower\",\"isPartOf\":{\"@id\":\"https:\\\/\\\/kempower.com\\\/es\\\/#website\"},\"primaryImageOfPage\":{\"@id\":\"https:\\\/\\\/kempower.com\\\/es\\\/news\\\/kempower-vuelve-a-patrocinar-la-arctic-race-of-norway-continua-la-colaboracion-en-la-carrera-ciclista-mas-septentrional-del-mundo\\\/#primaryimage\"},\"image\":{\"@id\":\"https:\\\/\\\/kempower.com\\\/es\\\/news\\\/kempower-vuelve-a-patrocinar-la-arctic-race-of-norway-continua-la-colaboracion-en-la-carrera-ciclista-mas-septentrional-del-mundo\\\/#primaryimage\"},\"thumbnailUrl\":\"https:\\\/\\\/earj6jxwkhd.exactdn.com\\\/wp-content\\\/uploads\\\/2026\\\/08\\\/dsc01773-1.png?strip=all\",\"datePublished\":\"2026-08-12T06:37:26+00:00\",\"dateModified\":\"2026-08-21T08:00:05+00:00\",\"description\":\"12 de agosto de 2026 - Kempower vuelve a patrocinar la Arctic Race of Norway: contin\u00faa la colaboraci\u00f3n en la carrera ciclista m\u00e1s septentrional del mundo\",\"breadcrumb\":{\"@id\":\"https:\\\/\\\/kempower.com\\\/es\\\/news\\\/kempower-vuelve-a-patrocinar-la-arctic-race-of-norway-continua-la-colaboracion-en-la-carrera-ciclista-mas-septentrional-del-mundo\\\/#breadcrumb\"},\"inLanguage\":\"es\",\"potentialAction\":[{\"@type\":\"ReadAction\",\"target\":[\"https:\\\/\\\/kempower.com\\\/es\\\/news\\\/kempower-vuelve-a-patrocinar-la-arctic-race-of-norway-continua-la-colaboracion-en-la-carrera-ciclista-mas-septentrional-del-mundo\\\/\"]}]},{\"@type\":\"ImageObject\",\"inLanguage\":\"es\",\"@id\":\"https:\\\/\\\/kempower.com\\\/es\\\/news\\\/kempower-vuelve-a-patrocinar-la-arctic-race-of-norway-continua-la-colaboracion-en-la-carrera-ciclista-mas-septentrional-del-mundo\\\/#primaryimage\",\"url\":\"https:\\\/\\\/earj6jxwkhd.exactdn.com\\\/wp-content\\\/uploads\\\/2026\\\/08\\\/dsc01773-1.png?strip=all\",\"contentUrl\":\"https:\\\/\\\/earj6jxwkhd.exactdn.com\\\/wp-content\\\/uploads\\\/2026\\\/08\\\/dsc01773-1.png?strip=all\",\"width\":1200,\"height\":800},{\"@type\":\"BreadcrumbList\",\"@id\":\"https:\\\/\\\/kempower.com\\\/es\\\/news\\\/kempower-vuelve-a-patrocinar-la-arctic-race-of-norway-continua-la-colaboracion-en-la-carrera-ciclista-mas-septentrional-del-mundo\\\/#breadcrumb\",\"itemListElement\":[{\"@type\":\"ListItem\",\"position\":1,\"name\":\"Home\",\"item\":\"https:\\\/\\\/kempower.com\\\/es\\\/\"},{\"@type\":\"ListItem\",\"position\":2,\"name\":\"News\",\"item\":\"https:\\\/\\\/kempower.com\\\/es\\\/news\\\/\"},{\"@type\":\"ListItem\",\"position\":3,\"name\":\"Kempower vuelve a patrocinar la Arctic Race of Norway: contin\u00faa la colaboraci\u00f3n en la carrera ciclista m\u00e1s septentrional del mundo\"}]},{\"@type\":\"WebSite\",\"@id\":\"https:\\\/\\\/kempower.com\\\/es\\\/#website\",\"url\":\"https:\\\/\\\/kempower.com\\\/es\\\/\",\"name\":\"Kempower\",\"description\":\"Powering Planet Cool\",\"publisher\":{\"@id\":\"https:\\\/\\\/kempower.com\\\/es\\\/#organization\"},\"potentialAction\":[{\"@type\":\"SearchAction\",\"target\":{\"@type\":\"EntryPoint\",\"urlTemplate\":\"https:\\\/\\\/kempower.com\\\/es\\\/?s={search_term_string}\"},\"query-input\":{\"@type\":\"PropertyValueSpecification\",\"valueRequired\":true,\"valueName\":\"search_term_string\"}}],\"inLanguage\":\"es\"},{\"@type\":\"Organization\",\"@id\":\"https:\\\/\\\/kempower.com\\\/es\\\/#organization\",\"name\":\"Kempower Oy\",\"alternateName\":\"Kempower\",\"url\":\"https:\\\/\\\/kempower.com\\\/es\\\/\",\"logo\":{\"@type\":\"ImageObject\",\"inLanguage\":\"es\",\"@id\":\"https:\\\/\\\/kempower.com\\\/es\\\/#\\\/schema\\\/logo\\\/image\\\/\",\"url\":\"https:\\\/\\\/earj6jxwkhd.exactdn.com\\\/wp-content\\\/uploads\\\/2024\\\/04\\\/kp-logo-orangelarge.svg\",\"contentUrl\":\"https:\\\/\\\/earj6jxwkhd.exactdn.com\\\/wp-content\\\/uploads\\\/2024\\\/04\\\/kp-logo-orangelarge.svg\",\"width\":696,\"height\":697,\"caption\":\"Kempower Oy\"},\"image\":{\"@id\":\"https:\\\/\\\/kempower.com\\\/es\\\/#\\\/schema\\\/logo\\\/image\\\/\"},\"sameAs\":[\"https:\\\/\\\/www.facebook.com\\\/kempowerfi\\\/\",\"https:\\\/\\\/x.com\\\/kempoweroyj\"]}]}<\/script>\n<!-- \/ Yoast SEO Premium plugin. -->","yoast_head_json":{"title":"Kempower vuelve a patrocinar la Arctic Race of Norway: contin\u00faa la colaboraci\u00f3n en la carrera ciclista m\u00e1s septentrional del mundo - Kempower","description":"12 de agosto de 2026 - Kempower vuelve a patrocinar la Arctic Race of Norway: contin\u00faa la colaboraci\u00f3n en la carrera ciclista m\u00e1s septentrional del mundo","robots":{"index":"index","follow":"follow","max-snippet":"max-snippet:-1","max-image-preview":"max-image-preview:large","max-video-preview":"max-video-preview:-1"},"canonical":"https:\/\/kempower.com\/es\/news\/kempower-vuelve-a-patrocinar-la-arctic-race-of-norway-continua-la-colaboracion-en-la-carrera-ciclista-mas-septentrional-del-mundo\/","og_locale":"es_ES","og_type":"article","og_title":"Kempower vuelve a patrocinar la Arctic Race of Norway: contin\u00faa la colaboraci\u00f3n en la carrera ciclista m\u00e1s septentrional del mundo","og_description":"12 de agosto de 2026 - Kempower vuelve a patrocinar la Arctic Race of Norway: contin\u00faa la colaboraci\u00f3n en la carrera ciclista m\u00e1s septentrional del mundo","og_url":"https:\/\/kempower.com\/es\/news\/kempower-vuelve-a-patrocinar-la-arctic-race-of-norway-continua-la-colaboracion-en-la-carrera-ciclista-mas-septentrional-del-mundo\/","og_site_name":"Kempower","article_publisher":"https:\/\/www.facebook.com\/kempowerfi\/","article_modified_time":"2026-08-21T08:00:05+00:00","og_image":[{"width":1200,"height":800,"url":"https:\/\/kempower.com\/wp-content\/uploads\/2026\/08\/dsc01773-1.png","type":"image\/png"}],"twitter_card":"summary_large_image","twitter_site":"@kempoweroyj","twitter_misc":{"Tiempo de lectura":"4 minutos"},"schema":{"@context":"https:\/\/schema.org","@graph":[{"@type":"WebPage","@id":"https:\/\/kempower.com\/es\/news\/kempower-vuelve-a-patrocinar-la-arctic-race-of-norway-continua-la-colaboracion-en-la-carrera-ciclista-mas-septentrional-del-mundo\/","url":"https:\/\/kempower.com\/es\/news\/kempower-vuelve-a-patrocinar-la-arctic-race-of-norway-continua-la-colaboracion-en-la-carrera-ciclista-mas-septentrional-del-mundo\/","name":"Kempower vuelve a patrocinar la Arctic Race of Norway: contin\u00faa la colaboraci\u00f3n en la carrera ciclista m\u00e1s septentrional del mundo - Kempower","isPartOf":{"@id":"https:\/\/kempower.com\/es\/#website"},"primaryImageOfPage":{"@id":"https:\/\/kempower.com\/es\/news\/kempower-vuelve-a-patrocinar-la-arctic-race-of-norway-continua-la-colaboracion-en-la-carrera-ciclista-mas-septentrional-del-mundo\/#primaryimage"},"image":{"@id":"https:\/\/kempower.com\/es\/news\/kempower-vuelve-a-patrocinar-la-arctic-race-of-norway-continua-la-colaboracion-en-la-carrera-ciclista-mas-septentrional-del-mundo\/#primaryimage"},"thumbnailUrl":"https:\/\/earj6jxwkhd.exactdn.com\/wp-content\/uploads\/2026\/08\/dsc01773-1.png?strip=all","datePublished":"2026-08-12T06:37:26+00:00","dateModified":"2026-08-21T08:00:05+00:00","description":"12 de agosto de 2026 - Kempower vuelve a patrocinar la Arctic Race of Norway: contin\u00faa la colaboraci\u00f3n en la carrera ciclista m\u00e1s septentrional del mundo","breadcrumb":{"@id":"https:\/\/kempower.com\/es\/news\/kempower-vuelve-a-patrocinar-la-arctic-race-of-norway-continua-la-colaboracion-en-la-carrera-ciclista-mas-septentrional-del-mundo\/#breadcrumb"},"inLanguage":"es","potentialAction":[{"@type":"ReadAction","target":["https:\/\/kempower.com\/es\/news\/kempower-vuelve-a-patrocinar-la-arctic-race-of-norway-continua-la-colaboracion-en-la-carrera-ciclista-mas-septentrional-del-mundo\/"]}]},{"@type":"ImageObject","inLanguage":"es","@id":"https:\/\/kempower.com\/es\/news\/kempower-vuelve-a-patrocinar-la-arctic-race-of-norway-continua-la-colaboracion-en-la-carrera-ciclista-mas-septentrional-del-mundo\/#primaryimage","url":"https:\/\/earj6jxwkhd.exactdn.com\/wp-content\/uploads\/2026\/08\/dsc01773-1.png?strip=all","contentUrl":"https:\/\/earj6jxwkhd.exactdn.com\/wp-content\/uploads\/2026\/08\/dsc01773-1.png?strip=all","width":1200,"height":800},{"@type":"BreadcrumbList","@id":"https:\/\/kempower.com\/es\/news\/kempower-vuelve-a-patrocinar-la-arctic-race-of-norway-continua-la-colaboracion-en-la-carrera-ciclista-mas-septentrional-del-mundo\/#breadcrumb","itemListElement":[{"@type":"ListItem","position":1,"name":"Home","item":"https:\/\/kempower.com\/es\/"},{"@type":"ListItem","position":2,"name":"News","item":"https:\/\/kempower.com\/es\/news\/"},{"@type":"ListItem","position":3,"name":"Kempower vuelve a patrocinar la Arctic Race of Norway: contin\u00faa la colaboraci\u00f3n en la carrera ciclista m\u00e1s septentrional del mundo"}]},{"@type":"WebSite","@id":"https:\/\/kempower.com\/es\/#website","url":"https:\/\/kempower.com\/es\/","name":"Kempower","description":"Powering Planet Cool","publisher":{"@id":"https:\/\/kempower.com\/es\/#organization"},"potentialAction":[{"@type":"SearchAction","target":{"@type":"EntryPoint","urlTemplate":"https:\/\/kempower.com\/es\/?s={search_term_string}"},"query-input":{"@type":"PropertyValueSpecification","valueRequired":true,"valueName":"search_term_string"}}],"inLanguage":"es"},{"@type":"Organization","@id":"https:\/\/kempower.com\/es\/#organization","name":"Kempower Oy","alternateName":"Kempower","url":"https:\/\/kempower.com\/es\/","logo":{"@type":"ImageObject","inLanguage":"es","@id":"https:\/\/kempower.com\/es\/#\/schema\/logo\/image\/","url":"https:\/\/earj6jxwkhd.exactdn.com\/wp-content\/uploads\/2024\/04\/kp-logo-orangelarge.svg","contentUrl":"https:\/\/earj6jxwkhd.exactdn.com\/wp-content\/uploads\/2024\/04\/kp-logo-orangelarge.svg","width":696,"height":697,"caption":"Kempower Oy"},"image":{"@id":"https:\/\/kempower.com\/es\/#\/schema\/logo\/image\/"},"sameAs":["https:\/\/www.facebook.com\/kempowerfi\/","https:\/\/x.com\/kempoweroyj"]}]}},"post_thumbnail_url":"https:\/\/earj6jxwkhd.exactdn.com\/wp-content\/uploads\/2026\/08\/dsc01773-1-1024x683.png?strip=all","_links":{"self":[{"href":"https:\/\/kempower.com\/es\/wp-json\/wp\/v2\/news\/93698","targetHints":{"allow":["GET"]}}],"collection":[{"href":"https:\/\/kempower.com\/es\/wp-json\/wp\/v2\/news"}],"about":[{"href":"https:\/\/kempower.com\/es\/wp-json\/wp\/v2\/types\/news"}],"version-history":[{"count":1,"href":"https:\/\/kempower.com\/es\/wp-json\/wp\/v2\/news\/93698\/revisions"}],"predecessor-version":[{"id":93703,"href":"https:\/\/kempower.com\/es\/wp-json\/wp\/v2\/news\/93698\/revisions\/93703"}],"wp:featuredmedia":[{"embeddable":true,"href":"https:\/\/kempower.com\/es\/wp-json\/wp\/v2\/media\/93697"}],"wp:attachment":[{"href":"https:\/\/kempower.com\/es\/wp-json\/wp\/v2\/media?parent=93698"}],"wp:term":[{"taxonomy":"post_tag","embeddable":true,"href":"https:\/\/kempower.com\/es\/wp-json\/wp\/v2\/tags?post=93698"}],"curies":[{"name":"wp","href":"https:\/\/api.w.org\/{rel}","templated":true}]}}