{"id":93677,"date":"2026-08-12T06:37:26","date_gmt":"2026-08-12T06:37:26","guid":{"rendered":"https:\/\/kempower.com\/news\/kempower-est-a-nouveau-le-partenaire-de-larctic-race-of-norway-le-partenariat-se-poursuit-dans-le-cadre-de-la-course-cycliste-la-plus-septentrionale-du-monde\/"},"modified":"2026-08-21T08:00:02","modified_gmt":"2026-08-21T08:00:02","slug":"kempower-est-a-nouveau-le-partenaire-de-larctic-race-of-norway-le-partenariat-se-poursuit-dans-le-cadre-de-la-course-cycliste-la-plus-septentrionale-du-monde","status":"publish","type":"news","link":"https:\/\/kempower.com\/fr\/nouvelle\/kempower-est-a-nouveau-le-partenaire-de-larctic-race-of-norway-le-partenariat-se-poursuit-dans-le-cadre-de-la-course-cycliste-la-plus-septentrionale-du-monde\/","title":{"rendered":"Kempower est \u00e0 nouveau le partenaire de l&rsquo;Arctic Race of Norway : le partenariat se poursuit dans le cadre de la course cycliste la plus septentrionale du monde"},"content":{"rendered":"\n<section  class=\"hero-2023 hero-2023--short hero-2023--align-left bg-white\">\n\n  <!--div class=\"hero-2023__container\"-->\n  \n  <div class=\"hero-2023__container\">\n\n    <figure class=\"hero-2023__banner\">\n\n      <img fetchpriority=\"high\" decoding=\"async\" width=\"1200\" height=\"800\" src=\"https:\/\/earj6jxwkhd.exactdn.com\/wp-content\/uploads\/2026\/08\/dsc01773-1.png?strip=all\" class=\"hero-2023__banner__image\" alt=\"\" style=\"object-position: 50% 50%;\" srcset=\"https:\/\/earj6jxwkhd.exactdn.com\/wp-content\/uploads\/2026\/08\/dsc01773-1.png?strip=all 1200w, https:\/\/earj6jxwkhd.exactdn.com\/wp-content\/uploads\/2026\/08\/dsc01773-1-300x200.png?strip=all 300w, https:\/\/earj6jxwkhd.exactdn.com\/wp-content\/uploads\/2026\/08\/dsc01773-1-1024x683.png?strip=all 1024w, https:\/\/earj6jxwkhd.exactdn.com\/wp-content\/uploads\/2026\/08\/dsc01773-1-768x512.png?strip=all 768w, https:\/\/earj6jxwkhd.exactdn.com\/wp-content\/uploads\/2026\/08\/dsc01773-1-400x267.png?strip=all 400w, https:\/\/earj6jxwkhd.exactdn.com\/wp-content\/uploads\/2026\/08\/dsc01773-1.png?strip=all&amp;w=120 120w, https:\/\/earj6jxwkhd.exactdn.com\/wp-content\/uploads\/2026\/08\/dsc01773-1.png?strip=all&amp;w=240 240w, https:\/\/earj6jxwkhd.exactdn.com\/wp-content\/uploads\/2026\/08\/dsc01773-1.png?strip=all&amp;w=480 480w, https:\/\/earj6jxwkhd.exactdn.com\/wp-content\/uploads\/2026\/08\/dsc01773-1.png?strip=all&amp;w=600 600w, https:\/\/earj6jxwkhd.exactdn.com\/wp-content\/uploads\/2026\/08\/dsc01773-1.png?strip=all&amp;w=840 840w, https:\/\/earj6jxwkhd.exactdn.com\/wp-content\/uploads\/2026\/08\/dsc01773-1.png?strip=all&amp;w=960 960w, https:\/\/earj6jxwkhd.exactdn.com\/wp-content\/uploads\/2026\/08\/dsc01773-1.png?strip=all&amp;w=1080 1080w\" sizes=\"(max-width: 575px) 100vw, (max-width: 767px) 510px, (max-width: 991px) 290px, (max-width: 1199px) 530px, 1200px\" \/>\n    <\/figure>\n\n    <div class=\"hero-2023__content\">\n\n              <a class=\"button button-arrow-left\" href=\"https:\/\/kempower.com\/fr\/nouvelle\/\">\n          Revenir aux actualit\u00e9s        <\/a>\n\n        <span class=\"hero-2023__post-meta\">2026-08-12 \u2022 4 lecture min<\/span>\n      \n\n<h1 class=\"wp-block-heading\" id=\"h-kempower-powers-the-arctic-race-of-norway-once-again-partnership-continues-in-the-world-s-northernmost-cycling-race\"><strong>Kempower soutient une nouvelle fois l&rsquo;Arctic Race of Norway : le partenariat se poursuit dans le cadre de la course cycliste la plus septentrionale du monde<\/strong><\/h1>\n\n\n\n    <\/div>\n  <\/div>\n<\/section>\n\n<section class=\"block block-content-wrapper container-fluid bg-white large\"\n    >\n    <div class=\"container\">\n        <div class=\"row\">\n            <div class=\"\">\n                <main class=\"entry-content mx-auto\">\n                    \n\n<h2 class=\"wp-block-heading\" id=\"h-\"><\/h2>\n\n\n\n<p class=\"wp-block-paragraph\"><\/p>\n\n\n\n<p class=\"wp-block-paragraph\">Fabricant finlandais de solutions de recharge rapide en courant continu  <a href=\"https:\/\/kempower.com\/fr\/\">Kempower<\/a>  reste le partenaire officiel en mati\u00e8re de recharge de la  <a href=\"https:\/\/www.arctic-race-of-norway.com\/en\">Arctic Race of Norway<\/a>, puisque cette course cycliste se d\u00e9roulera dans le nord de la Norv\u00e8ge du 13 au 16 ao\u00fbt 2026. La 13e \u00e9dition de l\u2019Arctic Race of Norway se d\u00e9roulera cette ann\u00e9e enti\u00e8rement au-del\u00e0 du cercle polaire arctique, sur un parcours reliant plusieurs \u00eeles \u00e0 travers la r\u00e9gion du Nordland, le district d\u2019Ofoten et les principales \u00eeles de l\u2019archipel des Vester\u00e5len. L\u2019ensemble de la flotte de v\u00e9hicules d\u2019assistance et de la caravane de la course est enti\u00e8rement \u00e9lectrique, avec 130 v\u00e9hicules \u00e9lectriques fournis par Hyundai qui seront recharg\u00e9s tout au long de l\u2019\u00e9v\u00e9nement de cette ann\u00e9e. La course est organis\u00e9e par Arctic Sport et  <a href=\"https:\/\/www.aso.fr\/en\/\">Amaury Sport Organisation (ASO)<\/a>, \u00e9galement connu pour \u00eatre l&rsquo;organisateur, entre autres, du Tour de France.<\/p>\n\n\n\n<p class=\"wp-block-paragraph\">L&rsquo;Arctic Race of Norway 2026 se compose de quatre \u00e9tapes d&rsquo;une longueur totale d&rsquo;environ 694 kilom\u00e8tres et rassemble 18 \u00e9quipes, dont 6 \u00e9quipes mondiales, compos\u00e9es de certains des meilleurs cyclistes du monde. Le vainqueur du classement g\u00e9n\u00e9ral ne devrait pas \u00eatre d\u00e9sign\u00e9 avant les derniers jours de la course : lors de la troisi\u00e8me \u00e9tape, l\u2019ascension vers le sommet de Storheia a valu \u00e0 celle-ci le surnom de \u00ab Mont Ventoux norv\u00e9gien \u00bb, tandis que l\u2019ascension d\u00e9cisive de la derni\u00e8re \u00e9tape s\u2019ach\u00e8ve \u00e0 la station de ski de Narvik. Compte tenu des conditions m\u00e9t\u00e9orologiques changeantes de l\u2019\u00e9t\u00e9 arctique et du trac\u00e9 insulaire en constante \u00e9volution, cette course s\u2019av\u00e8re exceptionnellement exigeante tant pour les athl\u00e8tes que pour l\u2019ensemble de l\u2019organisation d\u2019accompagnement.<\/p>\n\n\n\n<p class=\"wp-block-paragraph\">Cette ann\u00e9e, l\u2019Arctic Race of Norway franchit \u00e9galement une \u00e9tape technologique majeure en mati\u00e8re de diffusion \u00e0 l\u2019\u00e9chelle mondiale. Pour la premi\u00e8re fois, la production t\u00e9l\u00e9vis\u00e9e s\u2019appuiera principalement sur les r\u00e9seaux mobiles, en utilisant les technologies 4G et 5G. En 2025, la course a \u00e9t\u00e9 diffus\u00e9e dans 190 pays par l\u2019interm\u00e9diaire de 80 cha\u00eenes de t\u00e9l\u00e9vision.<\/p>\n\n\n\n<p class=\"wp-block-paragraph\">Kempower fournit l&rsquo;infrastructure de recharge de la course depuis plusieurs ann\u00e9es, et cette collaboration s&rsquo;est renforc\u00e9e d&rsquo;ann\u00e9e en ann\u00e9e : en 2023, la course est devenue la premi\u00e8re \u00e9preuve cycliste de la s\u00e9rie UCI \u00e0 adopter une flotte enti\u00e8rement \u00e9lectrique. Les chargeurs mobiles de Kempower et son \u00e9quipe de recharge suivent le cort\u00e8ge de la course d\u2019\u00e9tape en \u00e9tape, assurant la recharge continue de plus d\u2019une centaine de v\u00e9hicules \u00e9lectriques, m\u00eame dans les zones o\u00f9 aucune infrastructure de recharge en courant continu permanente n\u2019est encore disponible. La mise en place du dispositif de recharge est planifi\u00e9e et r\u00e9alis\u00e9e en \u00e9troite collaboration avec les gestionnaires de r\u00e9seau locaux et les organisateurs de la course bien avant le d\u00e9but de l\u2019\u00e9v\u00e9nement.<\/p>\n\n\n\n<p class=\"wp-block-paragraph\">\u00ab L\u2019Arctic Race of Norway est un \u00e9v\u00e9nement qui met \u00e0 l\u2019\u00e9preuve l\u2019efficacit\u00e9 du travail d\u2019\u00e9quipe et de la technologie de Kempower dans des conditions changeantes, puisque l\u2019\u00e9quipe charg\u00e9e de la recharge se d\u00e9place avec le convoi et que les v\u00e9hicules sont recharg\u00e9s 24 heures sur 24 dans toutes sortes d\u2019environnements. Le nord de la Norv\u00e8ge exige de notre \u00e9quipe une prise de d\u00e9cision rapide, de la pers\u00e9v\u00e9rance et des comp\u00e9tences en mati\u00e8re de r\u00e9solution de probl\u00e8mes, tout en constituant une exp\u00e9rience d\u2019apprentissage pr\u00e9cieuse pour les collaborateurs de Kempower \u00bb, d\u00e9clare <strong>Paula Savonen<\/strong>, vice-pr\u00e9sidente du marketing et de la communication chez Kempower.<\/p>\n\n\n\n<p class=\"wp-block-paragraph\"><strong>Des images et une vid\u00e9o <\/strong><a href=\"https:\/\/mediabank.kempower.com\/l\/6vvH-FcCQX72\"><strong>disponibles en<\/strong><strong><u> t\u00e9l\u00e9charger ici<\/u><\/strong><\/a><\/p>\n\n\n\n<p class=\"wp-block-paragraph\"><a href=\"https:\/\/www.arctic-race-of-norway.com\/en\"><strong><u> Site officiel <\/u> de l\u2019Arctic Race of Norway 2026<u> <\/u><\/strong><\/a><strong><br\/><\/strong><\/p>\n\n\n\n<p class=\"wp-block-paragraph\"><strong>Kempower, relations presse<\/strong><br\/>Paula Savonen, vice-pr\u00e9sidente, Marketing et Communication, Kempower <br\/><a href=\"mailto:paula.savonen@kempower.com\">paula.savonen@kempower.com<\/a> <br\/>T\u00e9l. +358 29 0021900<\/p>\n\n\n\n<p class=\"wp-block-paragraph\"><strong>\u00c0 propos de Kempower<\/strong><br\/>Nous concevons et fabriquons des solutions de recharge rapide en courant continu fiables et conviviales pour les v\u00e9hicules \u00e9lectriques. Notre vision est de cr\u00e9er les solutions de recharge pour v\u00e9hicules \u00e9lectriques les plus pris\u00e9es au monde, accessibles \u00e0 tous, partout. Le d\u00e9veloppement et la production de nos produits sont bas\u00e9s en Finlande et aux \u00c9tats-Unis, la majorit\u00e9 de nos mat\u00e9riaux et composants \u00e9tant d\u2019origine locale. Nous couvrons tous les domaines de la mobilit\u00e9 \u00e9lectrique, des voitures, camions et bus \u00e9lectriques aux engins industriels et aux bateaux. Notre syst\u00e8me de recharge modulaire et \u00e9volutif, ainsi que notre logiciel de classe mondiale, sont con\u00e7us par des conducteurs de v\u00e9hicules \u00e9lectriques pour des conducteurs de v\u00e9hicules \u00e9lectriques, afin d\u2019offrir la meilleure exp\u00e9rience utilisateur possible \u00e0 nos clients du monde entier. Les actions de Kempower sont cot\u00e9es sur le Nasdaq Helsinki Ltd.  <a href=\"https:\/\/kempower.com\/fr\/\">kempower.com<\/a> <\/p>\n\n\n  <div class=\"image-carousel\">\n    <div class=\"image-carousel-inner d-flex flex-column\">\n      <div class=\"image-carousel-slick d-flex flex-nowrap\" data-autoplay=\"\">\n                  <div class=\"carousel-slide\">\n            <img loading=\"lazy\" decoding=\"async\" src=\"https:\/\/earj6jxwkhd.exactdn.com\/wp-content\/uploads\/2026\/08\/dsc01773-1.png?strip=all&fit=1200%2C800\" width=\"1200\" height=\"800\" class=\"mx-auto\" alt=\"\" loading=\"lazy\">          <\/div>\n                    <div class=\"carousel-slide\">\n            <img loading=\"lazy\" decoding=\"async\" src=\"https:\/\/earj6jxwkhd.exactdn.com\/wp-content\/uploads\/2026\/08\/dsc00548-scaled-1.png?strip=all&fit=1200%2C800\" width=\"1200\" height=\"800\" class=\"mx-auto\" alt=\"\" loading=\"lazy\">          <\/div>\n                    <div class=\"carousel-slide\">\n            <img loading=\"lazy\" decoding=\"async\" src=\"https:\/\/earj6jxwkhd.exactdn.com\/wp-content\/uploads\/2026\/08\/dsc03189.png?strip=all&fit=1200%2C800\" width=\"1200\" height=\"800\" class=\"mx-auto\" alt=\"\" loading=\"lazy\">          <\/div>\n                    <div class=\"carousel-slide\">\n            <img loading=\"lazy\" decoding=\"async\" src=\"https:\/\/earj6jxwkhd.exactdn.com\/wp-content\/uploads\/2026\/08\/img_4740.png?strip=all&fit=600%2C800\" width=\"600\" height=\"800\" class=\"mx-auto\" alt=\"\" loading=\"lazy\">          <\/div>\n                    <div class=\"carousel-slide\">\n            <img loading=\"lazy\" decoding=\"async\" src=\"https:\/\/earj6jxwkhd.exactdn.com\/wp-content\/uploads\/2026\/08\/20230820_140718.png?strip=all&fit=1778%2C800\" width=\"1778\" height=\"800\" class=\"mx-auto\" alt=\"\" loading=\"lazy\">          <\/div>\n                <\/div>\n      <div class=\"image-carousel-controls d-flex flex-row flex-nowrap align-items-center justify-content-center\">\n        <button class=\"image-carousel-prev\">\n          Pr\u00e9c\u00e9dent        <\/button>\n        <div class=\"image-carousel-dots\"><\/div>\n        <button class=\"image-carousel-next\">\n          Suivant        <\/button>\n      <\/div>\n\n    <\/div>\n  <\/div>\n  \n\n                <\/main>\n            <\/div>\n        <\/div>\n    <\/div>\n<\/section>","protected":false},"excerpt":{"rendered":"<p>Kempower reste le partenaire officiel en mati\u00e8re de recharge de la course cycliste \u00ab Arctic Race of Norway \u00bb, qui se d\u00e9roulera dans le nord de la Norv\u00e8ge du 13 au 16 ao\u00fbt 2026.  <\/p>\n","protected":false},"featured_media":93676,"template":"","tags":[593],"class_list":["post-93677","news","type-news","status-publish","has-post-thumbnail","hentry","tag-movable-charger-fr"],"acf":[],"yoast_head":"<!-- This site is optimized with the Yoast SEO Premium plugin v28.3 (Yoast SEO v28.3) - https:\/\/yoast.com\/product\/yoast-seo-premium-wordpress\/ -->\n<title>Kempower est \u00e0 nouveau le partenaire de l&#039;Arctic Race of Norway : le partenariat se poursuit dans le cadre de la course cycliste la plus septentrionale du monde - Kempower<\/title>\n<meta name=\"description\" content=\"12 ao\u00fbt 2026 - Kempower est \u00e0 nouveau le partenaire de l&#039;Arctic Race of Norway : le partenariat se poursuit dans le cadre de la course cycliste la plus septentrionale du monde\" \/>\n<meta name=\"robots\" content=\"index, follow, max-snippet:-1, max-image-preview:large, max-video-preview:-1\" \/>\n<link rel=\"canonical\" href=\"https:\/\/kempower.com\/fr\/nouvelle\/kempower-est-a-nouveau-le-partenaire-de-larctic-race-of-norway-le-partenariat-se-poursuit-dans-le-cadre-de-la-course-cycliste-la-plus-septentrionale-du-monde\/\" \/>\n<meta property=\"og:locale\" content=\"fr_FR\" \/>\n<meta property=\"og:type\" content=\"article\" \/>\n<meta property=\"og:title\" content=\"Kempower est \u00e0 nouveau le partenaire de l&#039;Arctic Race of Norway : le partenariat se poursuit dans le cadre de la course cycliste la plus septentrionale du monde\" \/>\n<meta property=\"og:description\" content=\"12 ao\u00fbt 2026 - Kempower est \u00e0 nouveau le partenaire de l&#039;Arctic Race of Norway : le partenariat se poursuit dans le cadre de la course cycliste la plus septentrionale du monde\" \/>\n<meta property=\"og:url\" content=\"https:\/\/kempower.com\/fr\/nouvelle\/kempower-est-a-nouveau-le-partenaire-de-larctic-race-of-norway-le-partenariat-se-poursuit-dans-le-cadre-de-la-course-cycliste-la-plus-septentrionale-du-monde\/\" \/>\n<meta property=\"og:site_name\" content=\"Kempower\" \/>\n<meta property=\"article:publisher\" content=\"https:\/\/www.facebook.com\/kempowerfi\/\" \/>\n<meta property=\"article:modified_time\" content=\"2026-08-21T08:00:02+00:00\" \/>\n<meta property=\"og:image\" content=\"https:\/\/kempower.com\/wp-content\/uploads\/2026\/08\/dsc01773-1.png\" \/>\n\t<meta property=\"og:image:width\" content=\"1200\" \/>\n\t<meta property=\"og:image:height\" content=\"800\" \/>\n\t<meta property=\"og:image:type\" content=\"image\/png\" \/>\n<meta name=\"twitter:card\" content=\"summary_large_image\" \/>\n<meta name=\"twitter:site\" content=\"@kempoweroyj\" \/>\n<meta name=\"twitter:label1\" content=\"Dur\u00e9e de lecture estim\u00e9e\" \/>\n\t<meta name=\"twitter:data1\" content=\"4 minutes\" \/>\n<script type=\"application\/ld+json\" class=\"yoast-schema-graph\">{\"@context\":\"https:\\\/\\\/schema.org\",\"@graph\":[{\"@type\":\"WebPage\",\"@id\":\"https:\\\/\\\/kempower.com\\\/fr\\\/nouvelle\\\/kempower-est-a-nouveau-le-partenaire-de-larctic-race-of-norway-le-partenariat-se-poursuit-dans-le-cadre-de-la-course-cycliste-la-plus-septentrionale-du-monde\\\/\",\"url\":\"https:\\\/\\\/kempower.com\\\/fr\\\/nouvelle\\\/kempower-est-a-nouveau-le-partenaire-de-larctic-race-of-norway-le-partenariat-se-poursuit-dans-le-cadre-de-la-course-cycliste-la-plus-septentrionale-du-monde\\\/\",\"name\":\"Kempower est \u00e0 nouveau le partenaire de l'Arctic Race of Norway : le partenariat se poursuit dans le cadre de la course cycliste la plus septentrionale du monde - Kempower\",\"isPartOf\":{\"@id\":\"https:\\\/\\\/kempower.com\\\/fr\\\/#website\"},\"primaryImageOfPage\":{\"@id\":\"https:\\\/\\\/kempower.com\\\/fr\\\/nouvelle\\\/kempower-est-a-nouveau-le-partenaire-de-larctic-race-of-norway-le-partenariat-se-poursuit-dans-le-cadre-de-la-course-cycliste-la-plus-septentrionale-du-monde\\\/#primaryimage\"},\"image\":{\"@id\":\"https:\\\/\\\/kempower.com\\\/fr\\\/nouvelle\\\/kempower-est-a-nouveau-le-partenaire-de-larctic-race-of-norway-le-partenariat-se-poursuit-dans-le-cadre-de-la-course-cycliste-la-plus-septentrionale-du-monde\\\/#primaryimage\"},\"thumbnailUrl\":\"https:\\\/\\\/earj6jxwkhd.exactdn.com\\\/wp-content\\\/uploads\\\/2026\\\/08\\\/dsc01773-1.png?strip=all\",\"datePublished\":\"2026-08-12T06:37:26+00:00\",\"dateModified\":\"2026-08-21T08:00:02+00:00\",\"description\":\"12 ao\u00fbt 2026 - Kempower est \u00e0 nouveau le partenaire de l'Arctic Race of Norway : le partenariat se poursuit dans le cadre de la course cycliste la plus septentrionale du monde\",\"breadcrumb\":{\"@id\":\"https:\\\/\\\/kempower.com\\\/fr\\\/nouvelle\\\/kempower-est-a-nouveau-le-partenaire-de-larctic-race-of-norway-le-partenariat-se-poursuit-dans-le-cadre-de-la-course-cycliste-la-plus-septentrionale-du-monde\\\/#breadcrumb\"},\"inLanguage\":\"fr-FR\",\"potentialAction\":[{\"@type\":\"ReadAction\",\"target\":[\"https:\\\/\\\/kempower.com\\\/fr\\\/nouvelle\\\/kempower-est-a-nouveau-le-partenaire-de-larctic-race-of-norway-le-partenariat-se-poursuit-dans-le-cadre-de-la-course-cycliste-la-plus-septentrionale-du-monde\\\/\"]}]},{\"@type\":\"ImageObject\",\"inLanguage\":\"fr-FR\",\"@id\":\"https:\\\/\\\/kempower.com\\\/fr\\\/nouvelle\\\/kempower-est-a-nouveau-le-partenaire-de-larctic-race-of-norway-le-partenariat-se-poursuit-dans-le-cadre-de-la-course-cycliste-la-plus-septentrionale-du-monde\\\/#primaryimage\",\"url\":\"https:\\\/\\\/earj6jxwkhd.exactdn.com\\\/wp-content\\\/uploads\\\/2026\\\/08\\\/dsc01773-1.png?strip=all\",\"contentUrl\":\"https:\\\/\\\/earj6jxwkhd.exactdn.com\\\/wp-content\\\/uploads\\\/2026\\\/08\\\/dsc01773-1.png?strip=all\",\"width\":1200,\"height\":800},{\"@type\":\"BreadcrumbList\",\"@id\":\"https:\\\/\\\/kempower.com\\\/fr\\\/nouvelle\\\/kempower-est-a-nouveau-le-partenaire-de-larctic-race-of-norway-le-partenariat-se-poursuit-dans-le-cadre-de-la-course-cycliste-la-plus-septentrionale-du-monde\\\/#breadcrumb\",\"itemListElement\":[{\"@type\":\"ListItem\",\"position\":1,\"name\":\"Home\",\"item\":\"https:\\\/\\\/kempower.com\\\/fr\\\/\"},{\"@type\":\"ListItem\",\"position\":2,\"name\":\"News\",\"item\":\"https:\\\/\\\/kempower.com\\\/fr\\\/nouvelle\\\/\"},{\"@type\":\"ListItem\",\"position\":3,\"name\":\"Kempower est \u00e0 nouveau le partenaire de l&#8217;Arctic Race of Norway : le partenariat se poursuit dans le cadre de la course cycliste la plus septentrionale du monde\"}]},{\"@type\":\"WebSite\",\"@id\":\"https:\\\/\\\/kempower.com\\\/fr\\\/#website\",\"url\":\"https:\\\/\\\/kempower.com\\\/fr\\\/\",\"name\":\"Kempower\",\"description\":\"Powering Planet Cool\",\"publisher\":{\"@id\":\"https:\\\/\\\/kempower.com\\\/fr\\\/#organization\"},\"potentialAction\":[{\"@type\":\"SearchAction\",\"target\":{\"@type\":\"EntryPoint\",\"urlTemplate\":\"https:\\\/\\\/kempower.com\\\/fr\\\/?s={search_term_string}\"},\"query-input\":{\"@type\":\"PropertyValueSpecification\",\"valueRequired\":true,\"valueName\":\"search_term_string\"}}],\"inLanguage\":\"fr-FR\"},{\"@type\":\"Organization\",\"@id\":\"https:\\\/\\\/kempower.com\\\/fr\\\/#organization\",\"name\":\"Kempower Oy\",\"alternateName\":\"Kempower\",\"url\":\"https:\\\/\\\/kempower.com\\\/fr\\\/\",\"logo\":{\"@type\":\"ImageObject\",\"inLanguage\":\"fr-FR\",\"@id\":\"https:\\\/\\\/kempower.com\\\/fr\\\/#\\\/schema\\\/logo\\\/image\\\/\",\"url\":\"https:\\\/\\\/earj6jxwkhd.exactdn.com\\\/wp-content\\\/uploads\\\/2024\\\/04\\\/kp-logo-orangelarge.svg\",\"contentUrl\":\"https:\\\/\\\/earj6jxwkhd.exactdn.com\\\/wp-content\\\/uploads\\\/2024\\\/04\\\/kp-logo-orangelarge.svg\",\"width\":696,\"height\":697,\"caption\":\"Kempower Oy\"},\"image\":{\"@id\":\"https:\\\/\\\/kempower.com\\\/fr\\\/#\\\/schema\\\/logo\\\/image\\\/\"},\"sameAs\":[\"https:\\\/\\\/www.facebook.com\\\/kempowerfi\\\/\",\"https:\\\/\\\/x.com\\\/kempoweroyj\"]}]}<\/script>\n<!-- \/ Yoast SEO Premium plugin. -->","yoast_head_json":{"title":"Kempower est \u00e0 nouveau le partenaire de l'Arctic Race of Norway : le partenariat se poursuit dans le cadre de la course cycliste la plus septentrionale du monde - Kempower","description":"12 ao\u00fbt 2026 - Kempower est \u00e0 nouveau le partenaire de l'Arctic Race of Norway : le partenariat se poursuit dans le cadre de la course cycliste la plus septentrionale du monde","robots":{"index":"index","follow":"follow","max-snippet":"max-snippet:-1","max-image-preview":"max-image-preview:large","max-video-preview":"max-video-preview:-1"},"canonical":"https:\/\/kempower.com\/fr\/nouvelle\/kempower-est-a-nouveau-le-partenaire-de-larctic-race-of-norway-le-partenariat-se-poursuit-dans-le-cadre-de-la-course-cycliste-la-plus-septentrionale-du-monde\/","og_locale":"fr_FR","og_type":"article","og_title":"Kempower est \u00e0 nouveau le partenaire de l'Arctic Race of Norway : le partenariat se poursuit dans le cadre de la course cycliste la plus septentrionale du monde","og_description":"12 ao\u00fbt 2026 - Kempower est \u00e0 nouveau le partenaire de l'Arctic Race of Norway : le partenariat se poursuit dans le cadre de la course cycliste la plus septentrionale du monde","og_url":"https:\/\/kempower.com\/fr\/nouvelle\/kempower-est-a-nouveau-le-partenaire-de-larctic-race-of-norway-le-partenariat-se-poursuit-dans-le-cadre-de-la-course-cycliste-la-plus-septentrionale-du-monde\/","og_site_name":"Kempower","article_publisher":"https:\/\/www.facebook.com\/kempowerfi\/","article_modified_time":"2026-08-21T08:00:02+00:00","og_image":[{"width":1200,"height":800,"url":"https:\/\/kempower.com\/wp-content\/uploads\/2026\/08\/dsc01773-1.png","type":"image\/png"}],"twitter_card":"summary_large_image","twitter_site":"@kempoweroyj","twitter_misc":{"Dur\u00e9e de lecture estim\u00e9e":"4 minutes"},"schema":{"@context":"https:\/\/schema.org","@graph":[{"@type":"WebPage","@id":"https:\/\/kempower.com\/fr\/nouvelle\/kempower-est-a-nouveau-le-partenaire-de-larctic-race-of-norway-le-partenariat-se-poursuit-dans-le-cadre-de-la-course-cycliste-la-plus-septentrionale-du-monde\/","url":"https:\/\/kempower.com\/fr\/nouvelle\/kempower-est-a-nouveau-le-partenaire-de-larctic-race-of-norway-le-partenariat-se-poursuit-dans-le-cadre-de-la-course-cycliste-la-plus-septentrionale-du-monde\/","name":"Kempower est \u00e0 nouveau le partenaire de l'Arctic Race of Norway : le partenariat se poursuit dans le cadre de la course cycliste la plus septentrionale du monde - Kempower","isPartOf":{"@id":"https:\/\/kempower.com\/fr\/#website"},"primaryImageOfPage":{"@id":"https:\/\/kempower.com\/fr\/nouvelle\/kempower-est-a-nouveau-le-partenaire-de-larctic-race-of-norway-le-partenariat-se-poursuit-dans-le-cadre-de-la-course-cycliste-la-plus-septentrionale-du-monde\/#primaryimage"},"image":{"@id":"https:\/\/kempower.com\/fr\/nouvelle\/kempower-est-a-nouveau-le-partenaire-de-larctic-race-of-norway-le-partenariat-se-poursuit-dans-le-cadre-de-la-course-cycliste-la-plus-septentrionale-du-monde\/#primaryimage"},"thumbnailUrl":"https:\/\/earj6jxwkhd.exactdn.com\/wp-content\/uploads\/2026\/08\/dsc01773-1.png?strip=all","datePublished":"2026-08-12T06:37:26+00:00","dateModified":"2026-08-21T08:00:02+00:00","description":"12 ao\u00fbt 2026 - Kempower est \u00e0 nouveau le partenaire de l'Arctic Race of Norway : le partenariat se poursuit dans le cadre de la course cycliste la plus septentrionale du monde","breadcrumb":{"@id":"https:\/\/kempower.com\/fr\/nouvelle\/kempower-est-a-nouveau-le-partenaire-de-larctic-race-of-norway-le-partenariat-se-poursuit-dans-le-cadre-de-la-course-cycliste-la-plus-septentrionale-du-monde\/#breadcrumb"},"inLanguage":"fr-FR","potentialAction":[{"@type":"ReadAction","target":["https:\/\/kempower.com\/fr\/nouvelle\/kempower-est-a-nouveau-le-partenaire-de-larctic-race-of-norway-le-partenariat-se-poursuit-dans-le-cadre-de-la-course-cycliste-la-plus-septentrionale-du-monde\/"]}]},{"@type":"ImageObject","inLanguage":"fr-FR","@id":"https:\/\/kempower.com\/fr\/nouvelle\/kempower-est-a-nouveau-le-partenaire-de-larctic-race-of-norway-le-partenariat-se-poursuit-dans-le-cadre-de-la-course-cycliste-la-plus-septentrionale-du-monde\/#primaryimage","url":"https:\/\/earj6jxwkhd.exactdn.com\/wp-content\/uploads\/2026\/08\/dsc01773-1.png?strip=all","contentUrl":"https:\/\/earj6jxwkhd.exactdn.com\/wp-content\/uploads\/2026\/08\/dsc01773-1.png?strip=all","width":1200,"height":800},{"@type":"BreadcrumbList","@id":"https:\/\/kempower.com\/fr\/nouvelle\/kempower-est-a-nouveau-le-partenaire-de-larctic-race-of-norway-le-partenariat-se-poursuit-dans-le-cadre-de-la-course-cycliste-la-plus-septentrionale-du-monde\/#breadcrumb","itemListElement":[{"@type":"ListItem","position":1,"name":"Home","item":"https:\/\/kempower.com\/fr\/"},{"@type":"ListItem","position":2,"name":"News","item":"https:\/\/kempower.com\/fr\/nouvelle\/"},{"@type":"ListItem","position":3,"name":"Kempower est \u00e0 nouveau le partenaire de l&#8217;Arctic Race of Norway : le partenariat se poursuit dans le cadre de la course cycliste la plus septentrionale du monde"}]},{"@type":"WebSite","@id":"https:\/\/kempower.com\/fr\/#website","url":"https:\/\/kempower.com\/fr\/","name":"Kempower","description":"Powering Planet Cool","publisher":{"@id":"https:\/\/kempower.com\/fr\/#organization"},"potentialAction":[{"@type":"SearchAction","target":{"@type":"EntryPoint","urlTemplate":"https:\/\/kempower.com\/fr\/?s={search_term_string}"},"query-input":{"@type":"PropertyValueSpecification","valueRequired":true,"valueName":"search_term_string"}}],"inLanguage":"fr-FR"},{"@type":"Organization","@id":"https:\/\/kempower.com\/fr\/#organization","name":"Kempower Oy","alternateName":"Kempower","url":"https:\/\/kempower.com\/fr\/","logo":{"@type":"ImageObject","inLanguage":"fr-FR","@id":"https:\/\/kempower.com\/fr\/#\/schema\/logo\/image\/","url":"https:\/\/earj6jxwkhd.exactdn.com\/wp-content\/uploads\/2024\/04\/kp-logo-orangelarge.svg","contentUrl":"https:\/\/earj6jxwkhd.exactdn.com\/wp-content\/uploads\/2024\/04\/kp-logo-orangelarge.svg","width":696,"height":697,"caption":"Kempower Oy"},"image":{"@id":"https:\/\/kempower.com\/fr\/#\/schema\/logo\/image\/"},"sameAs":["https:\/\/www.facebook.com\/kempowerfi\/","https:\/\/x.com\/kempoweroyj"]}]}},"post_thumbnail_url":"https:\/\/earj6jxwkhd.exactdn.com\/wp-content\/uploads\/2026\/08\/dsc01773-1-1024x683.png?strip=all","_links":{"self":[{"href":"https:\/\/kempower.com\/fr\/wp-json\/wp\/v2\/news\/93677","targetHints":{"allow":["GET"]}}],"collection":[{"href":"https:\/\/kempower.com\/fr\/wp-json\/wp\/v2\/news"}],"about":[{"href":"https:\/\/kempower.com\/fr\/wp-json\/wp\/v2\/types\/news"}],"version-history":[{"count":1,"href":"https:\/\/kempower.com\/fr\/wp-json\/wp\/v2\/news\/93677\/revisions"}],"predecessor-version":[{"id":93682,"href":"https:\/\/kempower.com\/fr\/wp-json\/wp\/v2\/news\/93677\/revisions\/93682"}],"wp:featuredmedia":[{"embeddable":true,"href":"https:\/\/kempower.com\/fr\/wp-json\/wp\/v2\/media\/93676"}],"wp:attachment":[{"href":"https:\/\/kempower.com\/fr\/wp-json\/wp\/v2\/media?parent=93677"}],"wp:term":[{"taxonomy":"post_tag","embeddable":true,"href":"https:\/\/kempower.com\/fr\/wp-json\/wp\/v2\/tags?post=93677"}],"curies":[{"name":"wp","href":"https:\/\/api.w.org\/{rel}","templated":true}]}}