{"id":93705,"date":"2026-08-12T06:37:26","date_gmt":"2026-08-12T06:37:26","guid":{"rendered":"https:\/\/kempower.com\/news\/kempower-ar-aterigen-huvudsponsor-for-arctic-race-of-norway-samarbetet-fortsatter-i-varldens-nordligaste-cykellopp\/"},"modified":"2026-08-21T08:00:06","modified_gmt":"2026-08-21T08:00:06","slug":"kempower-ar-aterigen-huvudsponsor-for-arctic-race-of-norway-samarbetet-fortsatter-i-varldens-nordligaste-cykellopp","status":"publish","type":"news","link":"https:\/\/kempower.com\/sv\/news\/kempower-ar-aterigen-huvudsponsor-for-arctic-race-of-norway-samarbetet-fortsatter-i-varldens-nordligaste-cykellopp\/","title":{"rendered":"Kempower \u00e4r \u00e5terigen huvudsponsor f\u00f6r Arctic Race of Norway \u2013 samarbetet forts\u00e4tter i v\u00e4rldens nordligaste cykellopp"},"content":{"rendered":"\n<section  class=\"hero-2023 hero-2023--short hero-2023--align-left bg-white\">\n\n  <!--div class=\"hero-2023__container\"-->\n  \n  <div class=\"hero-2023__container\">\n\n    <figure class=\"hero-2023__banner\">\n\n      <img fetchpriority=\"high\" decoding=\"async\" width=\"1200\" height=\"800\" src=\"https:\/\/earj6jxwkhd.exactdn.com\/wp-content\/uploads\/2026\/08\/dsc01773-1.png?strip=all\" class=\"hero-2023__banner__image\" alt=\"\" style=\"object-position: 50% 50%;\" srcset=\"https:\/\/earj6jxwkhd.exactdn.com\/wp-content\/uploads\/2026\/08\/dsc01773-1.png?strip=all 1200w, https:\/\/earj6jxwkhd.exactdn.com\/wp-content\/uploads\/2026\/08\/dsc01773-1-300x200.png?strip=all 300w, https:\/\/earj6jxwkhd.exactdn.com\/wp-content\/uploads\/2026\/08\/dsc01773-1-1024x683.png?strip=all 1024w, https:\/\/earj6jxwkhd.exactdn.com\/wp-content\/uploads\/2026\/08\/dsc01773-1-768x512.png?strip=all 768w, https:\/\/earj6jxwkhd.exactdn.com\/wp-content\/uploads\/2026\/08\/dsc01773-1-400x267.png?strip=all 400w, https:\/\/earj6jxwkhd.exactdn.com\/wp-content\/uploads\/2026\/08\/dsc01773-1.png?strip=all&amp;w=120 120w, https:\/\/earj6jxwkhd.exactdn.com\/wp-content\/uploads\/2026\/08\/dsc01773-1.png?strip=all&amp;w=240 240w, https:\/\/earj6jxwkhd.exactdn.com\/wp-content\/uploads\/2026\/08\/dsc01773-1.png?strip=all&amp;w=480 480w, https:\/\/earj6jxwkhd.exactdn.com\/wp-content\/uploads\/2026\/08\/dsc01773-1.png?strip=all&amp;w=600 600w, https:\/\/earj6jxwkhd.exactdn.com\/wp-content\/uploads\/2026\/08\/dsc01773-1.png?strip=all&amp;w=840 840w, https:\/\/earj6jxwkhd.exactdn.com\/wp-content\/uploads\/2026\/08\/dsc01773-1.png?strip=all&amp;w=960 960w, https:\/\/earj6jxwkhd.exactdn.com\/wp-content\/uploads\/2026\/08\/dsc01773-1.png?strip=all&amp;w=1080 1080w\" sizes=\"(max-width: 575px) 100vw, (max-width: 767px) 510px, (max-width: 991px) 290px, (max-width: 1199px) 530px, 1200px\" \/>\n    <\/figure>\n\n    <div class=\"hero-2023__content\">\n\n              <a class=\"button button-arrow-left\" href=\"https:\/\/kempower.com\/sv\/news\/\">\n          Tillbaka till nyheter        <\/a>\n\n        <span class=\"hero-2023__post-meta\">2026-08-12 \u2022 3 min l\u00e4sning<\/span>\n      \n\n<h1 class=\"wp-block-heading\" id=\"h-kempower-powers-the-arctic-race-of-norway-once-again-partnership-continues-in-the-world-s-northernmost-cycling-race\"><strong>Kempower \u00e4r \u00e5terigen huvudsponsor f\u00f6r Arctic Race of Norway \u2013 samarbetet forts\u00e4tter i v\u00e4rldens nordligaste cykellopp<\/strong><\/h1>\n\n\n\n    <\/div>\n  <\/div>\n<\/section>\n\n<section class=\"block block-content-wrapper container-fluid bg-white bred\"\n    >\n    <div class=\"container\">\n        <div class=\"row\">\n            <div class=\"\">\n                <main class=\"entry-content mx-auto\">\n                    \n\n<h2 class=\"wp-block-heading\" id=\"h-\"><\/h2>\n\n\n\n<p class=\"wp-block-paragraph\"><\/p>\n\n\n\n<p class=\"wp-block-paragraph\">Finsk tillverkare av l\u00f6sningar f\u00f6r snabbladdning med likstr\u00f6m  <a href=\"https:\/\/kempower.com\/sv\/\">Kempower<\/a>  forts\u00e4tter som officiell laddningspartner till  <a href=\"https:\/\/www.arctic-race-of-norway.com\/en\">Arctic Race of Norway<\/a>, d\u00e5 cykelt\u00e4vlingen g\u00e5r av stapeln i norra Norge den 13\u201316 augusti 2026. \u00c5rets 13:e upplaga av Arctic Race of Norway \u00e4ger rum helt och h\u00e5llet norr om polcirkeln, p\u00e5 en rutt som g\u00e5r fr\u00e5n \u00f6 till \u00f6 genom Nordland, Ofoten och de st\u00f6rsta \u00f6arna i Vester\u00e5len. Hela t\u00e4vlingens service- och f\u00f6ljeflotta \u00e4r helt eldriven, med 130 elfordon som tillhandah\u00e5lls av Hyundai och som kommer att laddas under hela \u00e5rets evenemang. T\u00e4vlingen organiseras av Arctic Sport och  <a href=\"https:\/\/www.aso.fr\/en\/\">Amaury Sport Organisation (ASO)<\/a>, \u00e4ven k\u00e4nd som arrang\u00f6r av bland annat Tour de France.<\/p>\n\n\n\n<p class=\"wp-block-paragraph\">Arctic Race of Norway 2026 best\u00e5r av fyra etapper med en sammanlagd l\u00e4ngd p\u00e5 cirka 694 kilometer och omfattar 18 lag, d\u00e4ribland 6 v\u00e4rldslag, som best\u00e5r av n\u00e5gra av v\u00e4rldens b\u00e4sta cyklister. Den totala vinnaren f\u00f6rv\u00e4ntas inte avg\u00f6ras f\u00f6rr\u00e4n under loppets sista dagar: p\u00e5 etapp tre har kl\u00e4ttringen till toppen av Storheia f\u00e5tt smeknamnet \u201ddet norska Mont Ventoux\u201d, medan den avg\u00f6rande kl\u00e4ttringen p\u00e5 den sista etappen avslutas vid skidorten Narvik. I kombination med de omv\u00e4xlande v\u00e4derf\u00f6rh\u00e5llandena under den arktiska sommaren och den st\u00e4ndigt skiftande str\u00e4ckningen \u00f6ver \u00f6arna \u00e4r loppet exceptionellt kr\u00e4vande b\u00e5de f\u00f6r idrottarna och f\u00f6r hela supportorganisationen.<\/p>\n\n\n\n<p class=\"wp-block-paragraph\">I \u00e5r tar Arctic Race of Norway ocks\u00e5 ett stort tekniskt kliv fram\u00e5t n\u00e4r det g\u00e4ller hur loppet s\u00e4nds ut till v\u00e4rlden. F\u00f6r f\u00f6rsta g\u00e5ngen kommer TV-produktionen huvudsakligen att baseras p\u00e5 mobiln\u00e4t, med hj\u00e4lp av 4G- och 5G-teknik. \u00c5r 2025 s\u00e4ndes loppet i 190 l\u00e4nder via 80 TV-bolag.<\/p>\n\n\n\n<p class=\"wp-block-paragraph\">Kempower har st\u00e5tt f\u00f6r t\u00e4vlingens laddningsinfrastruktur i flera \u00e5r, och samarbetet har f\u00f6rdjupats \u00e5r efter \u00e5r: \u00e5r 2023 blev t\u00e4vlingen den f\u00f6rsta cykelt\u00e4vlingen i UCI-serien som \u00f6vergick till en helt elektrisk fordonsflotta. Kempowers mobila laddare och laddningsteam f\u00f6ljer t\u00e4vlingskaravanen fr\u00e5n etapp till etapp och ser till att mer \u00e4n hundra elfordon h\u00e5lls kontinuerligt laddade \u2013 \u00e4ven i omr\u00e5den d\u00e4r det \u00e4nnu inte finns n\u00e5gon permanent likstr\u00f6msladdningsinfrastruktur. Laddningsupps\u00e4ttningen planeras och genomf\u00f6rs i n\u00e4ra samarbete med lokala n\u00e4toperat\u00f6rer och t\u00e4vlingsarrang\u00f6rerna l\u00e5ngt f\u00f6re evenemanget.<\/p>\n\n\n\n<p class=\"wp-block-paragraph\">&#8221;Arctic Race of Norway \u00e4r ett evenemang som s\u00e4tter lagarbetets effektivitet och Kempowers teknik p\u00e5 prov under f\u00f6r\u00e4nderliga f\u00f6rh\u00e5llanden, eftersom laddningsteamet f\u00e4rdas med karavanen och fordonen laddas dygnet runt i alla m\u00f6jliga milj\u00f6er. Norra Norge kr\u00e4ver snabba beslut, uth\u00e5llighet och probleml\u00f6sningsf\u00f6rm\u00e5ga av v\u00e5rt team, och samtidigt \u00e4r det en v\u00e4rdefull l\u00e4rdom f\u00f6r Kempowers medarbetare\u201d, s\u00e4ger <strong>Paula Savonen<\/strong>, vice vd f\u00f6r marknadsf\u00f6ring och kommunikation p\u00e5 Kempower.<\/p>\n\n\n\n<p class=\"wp-block-paragraph\"><strong>Bilder och en video <\/strong><a href=\"https:\/\/mediabank.kempower.com\/l\/6vvH-FcCQX72\"><strong>finns att<\/strong><strong><u> nedladdning h\u00e4r<\/u><\/strong><\/a><\/p>\n\n\n\n<p class=\"wp-block-paragraph\"><a href=\"https:\/\/www.arctic-race-of-norway.com\/en\"><strong>Arctic Race of Norway 2026:s<u> officiella webbplats <\/u><\/strong><\/a><strong><br\/><\/strong><\/p>\n\n\n\n<p class=\"wp-block-paragraph\"><strong>Kempower, presskontakt<\/strong><br\/>Paula Savonen, vice VD f\u00f6r marknadsf\u00f6ring och kommunikation, Kempower <br\/><a href=\"mailto:paula.savonen@kempower.com\">paula.savonen@kempower.com<\/a> <br\/>Tel. +358 29 0021900<\/p>\n\n\n\n<p class=\"wp-block-paragraph\"><strong>Om Kempower<\/strong><br\/>Vi utvecklar och tillverkar p\u00e5litliga och anv\u00e4ndarv\u00e4nliga l\u00f6sningar f\u00f6r snabbladdning med likstr\u00f6m f\u00f6r elfordon. V\u00e5r vision \u00e4r att skapa v\u00e4rldens mest eftertraktade laddningsl\u00f6sningar f\u00f6r elfordon \u2013 f\u00f6r alla, \u00f6verallt. V\u00e5r produktutveckling och tillverkning sker i Finland och USA, och merparten av v\u00e5ra material och komponenter k\u00f6ps in lokalt. Vi fokuserar p\u00e5 alla omr\u00e5den inom e-mobilitet, fr\u00e5n elbilar, ellastbilar och elbussar till maskiner och b\u00e5tar. V\u00e5rt modul\u00e4ra och skalbara laddningssystem och v\u00e5r programvara i v\u00e4rldsklass \u00e4r utformade av elbilf\u00f6rare f\u00f6r elbilf\u00f6rare, vilket ger v\u00e5ra kunder \u00f6ver hela v\u00e4rlden den b\u00e4sta anv\u00e4ndarupplevelsen. Kempowers aktier \u00e4r noterade p\u00e5 Nasdaq Helsinki Ltd.  <a href=\"https:\/\/kempower.com\/sv\/\">kempower.com<\/a> <\/p>\n\n\n  <div class=\"image-carousel\">\n    <div class=\"image-carousel-inner d-flex flex-column\">\n      <div class=\"image-carousel-slick d-flex flex-nowrap\" data-autoplay=\"\">\n                  <div class=\"carousel-slide\">\n            <img loading=\"lazy\" decoding=\"async\" src=\"https:\/\/earj6jxwkhd.exactdn.com\/wp-content\/uploads\/2026\/08\/dsc01773-1.png?strip=all&fit=1200%2C800\" width=\"1200\" height=\"800\" class=\"mx-auto\" alt=\"\" loading=\"lazy\">          <\/div>\n                    <div class=\"carousel-slide\">\n            <img loading=\"lazy\" decoding=\"async\" src=\"https:\/\/earj6jxwkhd.exactdn.com\/wp-content\/uploads\/2026\/08\/dsc00548-scaled-1.png?strip=all&fit=1200%2C800\" width=\"1200\" height=\"800\" class=\"mx-auto\" alt=\"\" loading=\"lazy\">          <\/div>\n                    <div class=\"carousel-slide\">\n            <img loading=\"lazy\" decoding=\"async\" src=\"https:\/\/earj6jxwkhd.exactdn.com\/wp-content\/uploads\/2026\/08\/dsc03189.png?strip=all&fit=1200%2C800\" width=\"1200\" height=\"800\" class=\"mx-auto\" alt=\"\" loading=\"lazy\">          <\/div>\n                    <div class=\"carousel-slide\">\n            <img loading=\"lazy\" decoding=\"async\" src=\"https:\/\/earj6jxwkhd.exactdn.com\/wp-content\/uploads\/2026\/08\/img_4740.png?strip=all&fit=600%2C800\" width=\"600\" height=\"800\" class=\"mx-auto\" alt=\"\" loading=\"lazy\">          <\/div>\n                    <div class=\"carousel-slide\">\n            <img loading=\"lazy\" decoding=\"async\" src=\"https:\/\/earj6jxwkhd.exactdn.com\/wp-content\/uploads\/2026\/08\/20230820_140718.png?strip=all&fit=1778%2C800\" width=\"1778\" height=\"800\" class=\"mx-auto\" alt=\"\" loading=\"lazy\">          <\/div>\n                <\/div>\n      <div class=\"image-carousel-controls d-flex flex-row flex-nowrap align-items-center justify-content-center\">\n        <button class=\"image-carousel-prev\">\n          F\u00f6reg\u00e5ende        <\/button>\n        <div class=\"image-carousel-dots\"><\/div>\n        <button class=\"image-carousel-next\">\n          N\u00e4sta        <\/button>\n      <\/div>\n\n    <\/div>\n  <\/div>\n  \n\n                <\/main>\n            <\/div>\n        <\/div>\n    <\/div>\n<\/section>","protected":false},"excerpt":{"rendered":"<p>Kempower forts\u00e4tter som officiell laddningspartner f\u00f6r cykelloppet Arctic Race of Norway i norra Norge den 13\u201316 augusti 2026.  <\/p>\n","protected":false},"featured_media":93704,"template":"","tags":[575],"class_list":["post-93705","news","type-news","status-publish","has-post-thumbnail","hentry","tag-flyttbar-laddare"],"acf":[],"yoast_head":"<!-- This site is optimized with the Yoast SEO Premium plugin v28.3 (Yoast SEO v28.3) - https:\/\/yoast.com\/product\/yoast-seo-premium-wordpress\/ -->\n<title>Kempower \u00e4r \u00e5terigen huvudsponsor f\u00f6r Arctic Race of Norway \u2013 samarbetet forts\u00e4tter i v\u00e4rldens nordligaste cykellopp - Kempower<\/title>\n<meta name=\"description\" content=\"12 augusti 2026 - Kempower \u00e4r \u00e5terigen huvudsponsor f\u00f6r Arctic Race of Norway \u2013 samarbetet forts\u00e4tter i v\u00e4rldens nordligaste cykellopp\" \/>\n<meta name=\"robots\" content=\"index, follow, max-snippet:-1, max-image-preview:large, max-video-preview:-1\" \/>\n<link rel=\"canonical\" href=\"https:\/\/kempower.com\/sv\/news\/kempower-ar-aterigen-huvudsponsor-for-arctic-race-of-norway-samarbetet-fortsatter-i-varldens-nordligaste-cykellopp\/\" \/>\n<meta property=\"og:locale\" content=\"sv_SE\" \/>\n<meta property=\"og:type\" content=\"article\" \/>\n<meta property=\"og:title\" content=\"Kempower \u00e4r \u00e5terigen huvudsponsor f\u00f6r Arctic Race of Norway \u2013 samarbetet forts\u00e4tter i v\u00e4rldens nordligaste cykellopp\" \/>\n<meta property=\"og:description\" content=\"12 augusti 2026 - Kempower \u00e4r \u00e5terigen huvudsponsor f\u00f6r Arctic Race of Norway \u2013 samarbetet forts\u00e4tter i v\u00e4rldens nordligaste cykellopp\" \/>\n<meta property=\"og:url\" content=\"https:\/\/kempower.com\/sv\/news\/kempower-ar-aterigen-huvudsponsor-for-arctic-race-of-norway-samarbetet-fortsatter-i-varldens-nordligaste-cykellopp\/\" \/>\n<meta property=\"og:site_name\" content=\"Kempower\" \/>\n<meta property=\"article:publisher\" content=\"https:\/\/www.facebook.com\/kempowerfi\/\" \/>\n<meta property=\"article:modified_time\" content=\"2026-08-21T08:00:06+00:00\" \/>\n<meta property=\"og:image\" content=\"https:\/\/kempower.com\/wp-content\/uploads\/2026\/08\/dsc01773-1.png\" \/>\n\t<meta property=\"og:image:width\" content=\"1200\" \/>\n\t<meta property=\"og:image:height\" content=\"800\" \/>\n\t<meta property=\"og:image:type\" content=\"image\/png\" \/>\n<meta name=\"twitter:card\" content=\"summary_large_image\" \/>\n<meta name=\"twitter:site\" content=\"@kempoweroyj\" \/>\n<meta name=\"twitter:label1\" content=\"Ber\u00e4knad l\u00e4stid\" \/>\n\t<meta name=\"twitter:data1\" content=\"3 minuter\" \/>\n<script type=\"application\/ld+json\" class=\"yoast-schema-graph\">{\"@context\":\"https:\\\/\\\/schema.org\",\"@graph\":[{\"@type\":\"WebPage\",\"@id\":\"https:\\\/\\\/kempower.com\\\/sv\\\/news\\\/kempower-ar-aterigen-huvudsponsor-for-arctic-race-of-norway-samarbetet-fortsatter-i-varldens-nordligaste-cykellopp\\\/\",\"url\":\"https:\\\/\\\/kempower.com\\\/sv\\\/news\\\/kempower-ar-aterigen-huvudsponsor-for-arctic-race-of-norway-samarbetet-fortsatter-i-varldens-nordligaste-cykellopp\\\/\",\"name\":\"Kempower \u00e4r \u00e5terigen huvudsponsor f\u00f6r Arctic Race of Norway \u2013 samarbetet forts\u00e4tter i v\u00e4rldens nordligaste cykellopp - Kempower\",\"isPartOf\":{\"@id\":\"https:\\\/\\\/kempower.com\\\/sv\\\/#website\"},\"primaryImageOfPage\":{\"@id\":\"https:\\\/\\\/kempower.com\\\/sv\\\/news\\\/kempower-ar-aterigen-huvudsponsor-for-arctic-race-of-norway-samarbetet-fortsatter-i-varldens-nordligaste-cykellopp\\\/#primaryimage\"},\"image\":{\"@id\":\"https:\\\/\\\/kempower.com\\\/sv\\\/news\\\/kempower-ar-aterigen-huvudsponsor-for-arctic-race-of-norway-samarbetet-fortsatter-i-varldens-nordligaste-cykellopp\\\/#primaryimage\"},\"thumbnailUrl\":\"https:\\\/\\\/earj6jxwkhd.exactdn.com\\\/wp-content\\\/uploads\\\/2026\\\/08\\\/dsc01773-1.png?strip=all\",\"datePublished\":\"2026-08-12T06:37:26+00:00\",\"dateModified\":\"2026-08-21T08:00:06+00:00\",\"description\":\"12 augusti 2026 - Kempower \u00e4r \u00e5terigen huvudsponsor f\u00f6r Arctic Race of Norway \u2013 samarbetet forts\u00e4tter i v\u00e4rldens nordligaste cykellopp\",\"breadcrumb\":{\"@id\":\"https:\\\/\\\/kempower.com\\\/sv\\\/news\\\/kempower-ar-aterigen-huvudsponsor-for-arctic-race-of-norway-samarbetet-fortsatter-i-varldens-nordligaste-cykellopp\\\/#breadcrumb\"},\"inLanguage\":\"sv-SE\",\"potentialAction\":[{\"@type\":\"ReadAction\",\"target\":[\"https:\\\/\\\/kempower.com\\\/sv\\\/news\\\/kempower-ar-aterigen-huvudsponsor-for-arctic-race-of-norway-samarbetet-fortsatter-i-varldens-nordligaste-cykellopp\\\/\"]}]},{\"@type\":\"ImageObject\",\"inLanguage\":\"sv-SE\",\"@id\":\"https:\\\/\\\/kempower.com\\\/sv\\\/news\\\/kempower-ar-aterigen-huvudsponsor-for-arctic-race-of-norway-samarbetet-fortsatter-i-varldens-nordligaste-cykellopp\\\/#primaryimage\",\"url\":\"https:\\\/\\\/earj6jxwkhd.exactdn.com\\\/wp-content\\\/uploads\\\/2026\\\/08\\\/dsc01773-1.png?strip=all\",\"contentUrl\":\"https:\\\/\\\/earj6jxwkhd.exactdn.com\\\/wp-content\\\/uploads\\\/2026\\\/08\\\/dsc01773-1.png?strip=all\",\"width\":1200,\"height\":800},{\"@type\":\"BreadcrumbList\",\"@id\":\"https:\\\/\\\/kempower.com\\\/sv\\\/news\\\/kempower-ar-aterigen-huvudsponsor-for-arctic-race-of-norway-samarbetet-fortsatter-i-varldens-nordligaste-cykellopp\\\/#breadcrumb\",\"itemListElement\":[{\"@type\":\"ListItem\",\"position\":1,\"name\":\"Home\",\"item\":\"https:\\\/\\\/kempower.com\\\/sv\\\/\"},{\"@type\":\"ListItem\",\"position\":2,\"name\":\"News\",\"item\":\"https:\\\/\\\/kempower.com\\\/sv\\\/news\\\/\"},{\"@type\":\"ListItem\",\"position\":3,\"name\":\"Kempower \u00e4r \u00e5terigen huvudsponsor f\u00f6r Arctic Race of Norway \u2013 samarbetet forts\u00e4tter i v\u00e4rldens nordligaste cykellopp\"}]},{\"@type\":\"WebSite\",\"@id\":\"https:\\\/\\\/kempower.com\\\/sv\\\/#website\",\"url\":\"https:\\\/\\\/kempower.com\\\/sv\\\/\",\"name\":\"Kempower\",\"description\":\"Powering Planet Cool\",\"publisher\":{\"@id\":\"https:\\\/\\\/kempower.com\\\/sv\\\/#organization\"},\"potentialAction\":[{\"@type\":\"SearchAction\",\"target\":{\"@type\":\"EntryPoint\",\"urlTemplate\":\"https:\\\/\\\/kempower.com\\\/sv\\\/?s={search_term_string}\"},\"query-input\":{\"@type\":\"PropertyValueSpecification\",\"valueRequired\":true,\"valueName\":\"search_term_string\"}}],\"inLanguage\":\"sv-SE\"},{\"@type\":\"Organization\",\"@id\":\"https:\\\/\\\/kempower.com\\\/sv\\\/#organization\",\"name\":\"Kempower Oy\",\"alternateName\":\"Kempower\",\"url\":\"https:\\\/\\\/kempower.com\\\/sv\\\/\",\"logo\":{\"@type\":\"ImageObject\",\"inLanguage\":\"sv-SE\",\"@id\":\"https:\\\/\\\/kempower.com\\\/sv\\\/#\\\/schema\\\/logo\\\/image\\\/\",\"url\":\"https:\\\/\\\/earj6jxwkhd.exactdn.com\\\/wp-content\\\/uploads\\\/2024\\\/04\\\/kp-logo-orangelarge.svg\",\"contentUrl\":\"https:\\\/\\\/earj6jxwkhd.exactdn.com\\\/wp-content\\\/uploads\\\/2024\\\/04\\\/kp-logo-orangelarge.svg\",\"width\":696,\"height\":697,\"caption\":\"Kempower Oy\"},\"image\":{\"@id\":\"https:\\\/\\\/kempower.com\\\/sv\\\/#\\\/schema\\\/logo\\\/image\\\/\"},\"sameAs\":[\"https:\\\/\\\/www.facebook.com\\\/kempowerfi\\\/\",\"https:\\\/\\\/x.com\\\/kempoweroyj\"]}]}<\/script>\n<!-- \/ Yoast SEO Premium plugin. -->","yoast_head_json":{"title":"Kempower \u00e4r \u00e5terigen huvudsponsor f\u00f6r Arctic Race of Norway \u2013 samarbetet forts\u00e4tter i v\u00e4rldens nordligaste cykellopp - Kempower","description":"12 augusti 2026 - Kempower \u00e4r \u00e5terigen huvudsponsor f\u00f6r Arctic Race of Norway \u2013 samarbetet forts\u00e4tter i v\u00e4rldens nordligaste cykellopp","robots":{"index":"index","follow":"follow","max-snippet":"max-snippet:-1","max-image-preview":"max-image-preview:large","max-video-preview":"max-video-preview:-1"},"canonical":"https:\/\/kempower.com\/sv\/news\/kempower-ar-aterigen-huvudsponsor-for-arctic-race-of-norway-samarbetet-fortsatter-i-varldens-nordligaste-cykellopp\/","og_locale":"sv_SE","og_type":"article","og_title":"Kempower \u00e4r \u00e5terigen huvudsponsor f\u00f6r Arctic Race of Norway \u2013 samarbetet forts\u00e4tter i v\u00e4rldens nordligaste cykellopp","og_description":"12 augusti 2026 - Kempower \u00e4r \u00e5terigen huvudsponsor f\u00f6r Arctic Race of Norway \u2013 samarbetet forts\u00e4tter i v\u00e4rldens nordligaste cykellopp","og_url":"https:\/\/kempower.com\/sv\/news\/kempower-ar-aterigen-huvudsponsor-for-arctic-race-of-norway-samarbetet-fortsatter-i-varldens-nordligaste-cykellopp\/","og_site_name":"Kempower","article_publisher":"https:\/\/www.facebook.com\/kempowerfi\/","article_modified_time":"2026-08-21T08:00:06+00:00","og_image":[{"width":1200,"height":800,"url":"https:\/\/kempower.com\/wp-content\/uploads\/2026\/08\/dsc01773-1.png","type":"image\/png"}],"twitter_card":"summary_large_image","twitter_site":"@kempoweroyj","twitter_misc":{"Ber\u00e4knad l\u00e4stid":"3 minuter"},"schema":{"@context":"https:\/\/schema.org","@graph":[{"@type":"WebPage","@id":"https:\/\/kempower.com\/sv\/news\/kempower-ar-aterigen-huvudsponsor-for-arctic-race-of-norway-samarbetet-fortsatter-i-varldens-nordligaste-cykellopp\/","url":"https:\/\/kempower.com\/sv\/news\/kempower-ar-aterigen-huvudsponsor-for-arctic-race-of-norway-samarbetet-fortsatter-i-varldens-nordligaste-cykellopp\/","name":"Kempower \u00e4r \u00e5terigen huvudsponsor f\u00f6r Arctic Race of Norway \u2013 samarbetet forts\u00e4tter i v\u00e4rldens nordligaste cykellopp - Kempower","isPartOf":{"@id":"https:\/\/kempower.com\/sv\/#website"},"primaryImageOfPage":{"@id":"https:\/\/kempower.com\/sv\/news\/kempower-ar-aterigen-huvudsponsor-for-arctic-race-of-norway-samarbetet-fortsatter-i-varldens-nordligaste-cykellopp\/#primaryimage"},"image":{"@id":"https:\/\/kempower.com\/sv\/news\/kempower-ar-aterigen-huvudsponsor-for-arctic-race-of-norway-samarbetet-fortsatter-i-varldens-nordligaste-cykellopp\/#primaryimage"},"thumbnailUrl":"https:\/\/earj6jxwkhd.exactdn.com\/wp-content\/uploads\/2026\/08\/dsc01773-1.png?strip=all","datePublished":"2026-08-12T06:37:26+00:00","dateModified":"2026-08-21T08:00:06+00:00","description":"12 augusti 2026 - Kempower \u00e4r \u00e5terigen huvudsponsor f\u00f6r Arctic Race of Norway \u2013 samarbetet forts\u00e4tter i v\u00e4rldens nordligaste cykellopp","breadcrumb":{"@id":"https:\/\/kempower.com\/sv\/news\/kempower-ar-aterigen-huvudsponsor-for-arctic-race-of-norway-samarbetet-fortsatter-i-varldens-nordligaste-cykellopp\/#breadcrumb"},"inLanguage":"sv-SE","potentialAction":[{"@type":"ReadAction","target":["https:\/\/kempower.com\/sv\/news\/kempower-ar-aterigen-huvudsponsor-for-arctic-race-of-norway-samarbetet-fortsatter-i-varldens-nordligaste-cykellopp\/"]}]},{"@type":"ImageObject","inLanguage":"sv-SE","@id":"https:\/\/kempower.com\/sv\/news\/kempower-ar-aterigen-huvudsponsor-for-arctic-race-of-norway-samarbetet-fortsatter-i-varldens-nordligaste-cykellopp\/#primaryimage","url":"https:\/\/earj6jxwkhd.exactdn.com\/wp-content\/uploads\/2026\/08\/dsc01773-1.png?strip=all","contentUrl":"https:\/\/earj6jxwkhd.exactdn.com\/wp-content\/uploads\/2026\/08\/dsc01773-1.png?strip=all","width":1200,"height":800},{"@type":"BreadcrumbList","@id":"https:\/\/kempower.com\/sv\/news\/kempower-ar-aterigen-huvudsponsor-for-arctic-race-of-norway-samarbetet-fortsatter-i-varldens-nordligaste-cykellopp\/#breadcrumb","itemListElement":[{"@type":"ListItem","position":1,"name":"Home","item":"https:\/\/kempower.com\/sv\/"},{"@type":"ListItem","position":2,"name":"News","item":"https:\/\/kempower.com\/sv\/news\/"},{"@type":"ListItem","position":3,"name":"Kempower \u00e4r \u00e5terigen huvudsponsor f\u00f6r Arctic Race of Norway \u2013 samarbetet forts\u00e4tter i v\u00e4rldens nordligaste cykellopp"}]},{"@type":"WebSite","@id":"https:\/\/kempower.com\/sv\/#website","url":"https:\/\/kempower.com\/sv\/","name":"Kempower","description":"Powering Planet Cool","publisher":{"@id":"https:\/\/kempower.com\/sv\/#organization"},"potentialAction":[{"@type":"SearchAction","target":{"@type":"EntryPoint","urlTemplate":"https:\/\/kempower.com\/sv\/?s={search_term_string}"},"query-input":{"@type":"PropertyValueSpecification","valueRequired":true,"valueName":"search_term_string"}}],"inLanguage":"sv-SE"},{"@type":"Organization","@id":"https:\/\/kempower.com\/sv\/#organization","name":"Kempower Oy","alternateName":"Kempower","url":"https:\/\/kempower.com\/sv\/","logo":{"@type":"ImageObject","inLanguage":"sv-SE","@id":"https:\/\/kempower.com\/sv\/#\/schema\/logo\/image\/","url":"https:\/\/earj6jxwkhd.exactdn.com\/wp-content\/uploads\/2024\/04\/kp-logo-orangelarge.svg","contentUrl":"https:\/\/earj6jxwkhd.exactdn.com\/wp-content\/uploads\/2024\/04\/kp-logo-orangelarge.svg","width":696,"height":697,"caption":"Kempower Oy"},"image":{"@id":"https:\/\/kempower.com\/sv\/#\/schema\/logo\/image\/"},"sameAs":["https:\/\/www.facebook.com\/kempowerfi\/","https:\/\/x.com\/kempoweroyj"]}]}},"post_thumbnail_url":"https:\/\/earj6jxwkhd.exactdn.com\/wp-content\/uploads\/2026\/08\/dsc01773-1-1024x683.png?strip=all","_links":{"self":[{"href":"https:\/\/kempower.com\/sv\/wp-json\/wp\/v2\/news\/93705","targetHints":{"allow":["GET"]}}],"collection":[{"href":"https:\/\/kempower.com\/sv\/wp-json\/wp\/v2\/news"}],"about":[{"href":"https:\/\/kempower.com\/sv\/wp-json\/wp\/v2\/types\/news"}],"version-history":[{"count":1,"href":"https:\/\/kempower.com\/sv\/wp-json\/wp\/v2\/news\/93705\/revisions"}],"predecessor-version":[{"id":93710,"href":"https:\/\/kempower.com\/sv\/wp-json\/wp\/v2\/news\/93705\/revisions\/93710"}],"wp:featuredmedia":[{"embeddable":true,"href":"https:\/\/kempower.com\/sv\/wp-json\/wp\/v2\/media\/93704"}],"wp:attachment":[{"href":"https:\/\/kempower.com\/sv\/wp-json\/wp\/v2\/media?parent=93705"}],"wp:term":[{"taxonomy":"post_tag","embeddable":true,"href":"https:\/\/kempower.com\/sv\/wp-json\/wp\/v2\/tags?post=93705"}],"curies":[{"name":"wp","href":"https:\/\/api.w.org\/{rel}","templated":true}]}}